{"id":83713,"date":"2016-04-05T10:16:14","date_gmt":"2016-04-05T13:16:14","guid":{"rendered":"http:\/\/www.redenoticia.com.br\/noticia\/?p=83713"},"modified":"2016-04-04T16:17:47","modified_gmt":"2016-04-04T19:17:47","slug":"vacinacao-contra-gripe-em-sp-e-antecipada-para-532-mil-profissionais-de-saude","status":"publish","type":"post","link":"https:\/\/migracao.redenoticia.com.br\/noticia\/2016\/vacinacao-contra-gripe-em-sp-e-antecipada-para-532-mil-profissionais-de-saude\/83713","title":{"rendered":"Vacina\u00e7\u00e3o contra gripe em SP \u00e9 antecipada para 532 mil profissionais de sa\u00fade"},"content":{"rendered":"<p> A campanha antecipada de <strong><em>vacina\u00e7\u00e3o contra a gripe<\/em><\/strong> est\u00e1 oficialmente aberta no estado de S\u00e3o Paulo. Nesta primeira semana (4 a 8 de abril) ser\u00e3o\u00a0imunizados 532,4 mil profissionais de sa\u00fade de hospitais p\u00fablicos e privados da capital e regi\u00e3o metropolitana da grande S\u00e3o Paulo. O governador Geraldo Alckmin acompanhou o lan\u00e7amento da campanha no hall do Instituto Central do Hospital das Cl\u00ednicas da FMUSP (Faculdade de Medicina da Universidade de S\u00e3o Paulo). <\/p>\n<p>&#8220;Agora s\u00e3o os profissionais de sa\u00fade, de 4 a 8 de abril, depois come\u00e7a a vacina\u00e7\u00e3o das crian\u00e7as, de 6 meses at\u00e9 5 anos de idade, as gestantes, os acima de 60 anos de idade, imunodepressivos, doen\u00e7as cr\u00f4nicas, os que est\u00e3o em priva\u00e7\u00e3o de liberdade, depois toda a Regi\u00e3o Metropolitana, e depois expande para todo interior de S\u00e3o Paulo&#8221;, explicou o governador.<\/p>\n<p> A popula\u00e7\u00e3o ser\u00e1 vacinada gradativamente, come\u00e7ando pelos grupos priorit\u00e1rios. Nessa primeira etapa da campanha de 2016, 3,5 milh\u00f5es de paulistas receber\u00e3o as doses que protegem contra os v\u00edrus do inverno de 2016 (A\/California (H1N1), A\/Hong Kong (H3N2) e B\/Brisbane).<\/p>\n<p> A partir do dia 11 de abril, a vacina\u00e7\u00e3o ser\u00e1 ampliada para demais grupos priorit\u00e1rios: crian\u00e7as maiores de seis meses e menores de cinco anos (982,8 mil), gestantes (179 mil) e idosos (1,83 milh\u00e3o) da capital e grande S\u00e3o Paulo, totalizando quase 3 milh\u00f5es pessoas protegidas contra os v\u00edrus.<\/p>\n<p> Para as demais cidades do estado e outros p\u00fablicos-alvo (doentes cr\u00f4nicos, pu\u00e9rperas, ind\u00edgenas, funcion\u00e1rios dos sistema prisional e a popula\u00e7\u00e3o privada de liberdade), a campanha de vacina\u00e7\u00e3o contra a gripe deve seguir o calend\u00e1rio do Minist\u00e9rio da Sa\u00fade, com in\u00edcio previsto para o dia 30 de abril.<\/p>\n<p> O estado de S\u00e3o Paulo intensificou as medidas de prote\u00e7\u00e3o \u00e0 popula\u00e7\u00e3o desde o dia 23 de mar\u00e7o, quando deu in\u00edcio a vacina\u00e7\u00e3o extra em 67 munic\u00edpios da regi\u00e3o de S\u00e3o Jos\u00e9 do Rio Preto, utilizando doses remanescentes de 2015. O refor\u00e7o da imuniza\u00e7\u00e3o \u00e9 decorrente da preval\u00eancia do n\u00famero de casos nessa \u00e1rea, em compara\u00e7\u00e3o ao total do territ\u00f3rio paulista. Ainda assim, todos os moradores dessas cidades que tomarem essa vacina tamb\u00e9m dever\u00e3o ser vacinados durante a campanha nacional de 2016, pois as doses t\u00eam composi\u00e7\u00f5es distintas.<\/p>\n<p> Neste ano, at\u00e9 29 de mar\u00e7o, foram notificados 465 casos e 59 \u00f3bitos por SRAG no Estado de S\u00e3o Paulo atribu\u00edveis ao v\u00edrus Influenza. Desse total, 372 casos e 55 \u00f3bitos foram relacionados ao v\u00edrus A (H1N1); em rela\u00e7\u00e3o ao v\u00edrus B, foram 32 casos notificados e 2 \u00f3bitos. Em 2015, 342 casos de SRAG foram notificados em todo o Estado, sendo 190 relacionados ao tipo A (H3N2) e 43 ao v\u00edrus B. Do total de 65 \u00f3bitos registrados em 2015, 28 tiveram tamb\u00e9m rela\u00e7\u00e3o com o A (H3N2) e 10 com o B.<\/p>\n<p> A vacina contra a gripe distribu\u00edda na rede p\u00fablica \u00e9 produzida pelo Instituto Butantan, unidade ligada \u00e0 pasta, por meio de um processo de transfer\u00eancia de tecnologia.<\/p>\n<p> Do Portal do Governo do Estado SP<\/p>\n","protected":false},"excerpt":{"rendered":"<p>A campanha antecipada de vacina\u00e7\u00e3o contra a gripe est\u00e1 oficialmente aberta no estado de S\u00e3o Paulo. Nesta primeira semana (4 a 8 de abril) ser\u00e3o\u00a0imunizados 532,4 mil profissionais de sa\u00fade de hospitais p\u00fablicos e privados da capital e regi\u00e3o metropolitana da grande S\u00e3o Paulo. O governador Geraldo Alckmin acompanhou o lan\u00e7amento da campanha no hall [&hellip;]<\/p>\n","protected":false},"author":2,"featured_media":37376,"comment_status":"open","ping_status":"closed","sticky":false,"template":"","format":"standard","meta":{"tdm_status":"","tdm_grid_status":"","footnotes":""},"categories":[22,5],"tags":[],"class_list":{"0":"post-83713","1":"post","2":"type-post","3":"status-publish","4":"format-standard","5":"has-post-thumbnail","7":"category-brasil","8":"category-saude-e-vida"},"_links":{"self":[{"href":"https:\/\/migracao.redenoticia.com.br\/noticia\/wp-json\/wp\/v2\/posts\/83713","targetHints":{"allow":["GET"]}}],"collection":[{"href":"https:\/\/migracao.redenoticia.com.br\/noticia\/wp-json\/wp\/v2\/posts"}],"about":[{"href":"https:\/\/migracao.redenoticia.com.br\/noticia\/wp-json\/wp\/v2\/types\/post"}],"author":[{"embeddable":true,"href":"https:\/\/migracao.redenoticia.com.br\/noticia\/wp-json\/wp\/v2\/users\/2"}],"replies":[{"embeddable":true,"href":"https:\/\/migracao.redenoticia.com.br\/noticia\/wp-json\/wp\/v2\/comments?post=83713"}],"version-history":[{"count":0,"href":"https:\/\/migracao.redenoticia.com.br\/noticia\/wp-json\/wp\/v2\/posts\/83713\/revisions"}],"wp:featuredmedia":[{"embeddable":true,"href":"https:\/\/migracao.redenoticia.com.br\/noticia\/wp-json\/wp\/v2\/media\/37376"}],"wp:attachment":[{"href":"https:\/\/migracao.redenoticia.com.br\/noticia\/wp-json\/wp\/v2\/media?parent=83713"}],"wp:term":[{"taxonomy":"category","embeddable":true,"href":"https:\/\/migracao.redenoticia.com.br\/noticia\/wp-json\/wp\/v2\/categories?post=83713"},{"taxonomy":"post_tag","embeddable":true,"href":"https:\/\/migracao.redenoticia.com.br\/noticia\/wp-json\/wp\/v2\/tags?post=83713"}],"curies":[{"name":"wp","href":"https:\/\/api.w.org\/{rel}","templated":true}]}}