{"id":83719,"date":"2016-04-05T10:21:21","date_gmt":"2016-04-05T13:21:21","guid":{"rendered":"http:\/\/www.redenoticia.com.br\/noticia\/?p=83719"},"modified":"2016-04-04T16:22:51","modified_gmt":"2016-04-04T19:22:51","slug":"cade-recomenda-aprovacao-da-compra-do-hsbc-pelo-bradesco","status":"publish","type":"post","link":"https:\/\/migracao.redenoticia.com.br\/noticia\/2016\/cade-recomenda-aprovacao-da-compra-do-hsbc-pelo-bradesco\/83719","title":{"rendered":"Cade recomenda aprova\u00e7\u00e3o da compra do HSBC pelo Bradesco"},"content":{"rendered":"<p> A Superintend\u00eancia-Geral do Conselho Administrativo de Defesa Econ\u00f4mica (Cade) recomenda a <strong><em>aprova\u00e7\u00e3o da compra do HSBC pelo Bradesco<\/em><\/strong>. Agora, o processo segue para decis\u00e3o final do Tribunal do Cade, que pode acolher a recomenda\u00e7\u00e3o da Superintend\u00eancia-Geral, reprovar a opera\u00e7\u00e3o ou ainda adotar outras medidas para afastar problemas de concorr\u00eancia. A decis\u00e3o foi publicada no Di\u00e1rio Oficial da Uni\u00e3o.<\/p>\n<p>A superintend\u00eancia recomendou a aprova\u00e7\u00e3o, desde que condicionada \u00e0 celebra\u00e7\u00e3o de um Acordo em Controle de Concentra\u00e7\u00f5es (ACC) entre o Bradesco e o Cade. Segundo o Cade, esse proposta de acordo j\u00e1 foi aceita pelo banco.<\/p>\n<p>\u201cO ACC foi elaborado depois que a Superintend\u00eancia-Geral analisou de forma detalhada o mercado banc\u00e1rio brasileiro e verificou a exist\u00eancia de alguns problemas concorrenciais que indicam baixa competi\u00e7\u00e3o entre os bancos\u201d, disse a superintend\u00eancia, em comunicado.<\/p>\n<p>Segundo a superintend\u00eancia, o Bradesco \u00e9 o quarto maior banco do pa\u00eds em ativos totais, enquanto o HSBC \u00e9 o sexto. Com a aquisi\u00e7\u00e3o, o Bradesco permanece na mesma posi\u00e7\u00e3o, com menos de 20% de mercado, atr\u00e1s do Banco do Brasil, da Caixa Econ\u00f4mica Federal e do Ita\u00fa.<\/p>\n<p>Alguns dos problemas do setor, como a baixa portabilidade e os elevados \u00edndices de reclama\u00e7\u00e3o em rela\u00e7\u00e3o \u00e0 qualidade dos servi\u00e7os banc\u00e1rios, tamb\u00e9m s\u00e3o verificados no Bradesco, de acordo com a Superintend\u00eancia-Geral do Cade. Al\u00e9m disso, a participa\u00e7\u00e3o de mercado do banco em n\u00famero de ag\u00eancias em alguns munic\u00edpios \u00e9 elevada, acrescenta o comunicado.<\/p>\n<p>\u201cPara afastar a possibilidade dos clientes do HSBC serem prejudicados com a opera\u00e7\u00e3o, e para tamb\u00e9m beneficiar os clientes do Bradesco, inclusive os situados nos munic\u00edpios com maior concentra\u00e7\u00e3o de ag\u00eancias, o banco concordou em celebrar um acordo com o Cade como condi\u00e7\u00e3o para a aprova\u00e7\u00e3o da aquisi\u00e7\u00e3o\u201d, disse.<\/p>\n<p>O Bradesco anunciou a compra do HSBC em agosto de 2015.<\/p>\n<p>Da Ag\u00eancia Brasil<br \/>\nEdi\u00e7\u00e3o: Juliana Andrade<br \/>\n05\/04\/2016<\/p>\n","protected":false},"excerpt":{"rendered":"<p>A Superintend\u00eancia-Geral do Conselho Administrativo de Defesa Econ\u00f4mica (Cade) recomenda a aprova\u00e7\u00e3o da compra do HSBC pelo Bradesco. Agora, o processo segue para decis\u00e3o final do Tribunal do Cade, que pode acolher a recomenda\u00e7\u00e3o da Superintend\u00eancia-Geral, reprovar a opera\u00e7\u00e3o ou ainda adotar outras medidas para afastar problemas de concorr\u00eancia. A decis\u00e3o foi publicada no Di\u00e1rio [&hellip;]<\/p>\n","protected":false},"author":2,"featured_media":38938,"comment_status":"open","ping_status":"closed","sticky":false,"template":"","format":"standard","meta":{"tdm_status":"","tdm_grid_status":"","footnotes":""},"categories":[22,7],"tags":[],"class_list":{"0":"post-83719","1":"post","2":"type-post","3":"status-publish","4":"format-standard","5":"has-post-thumbnail","7":"category-brasil","8":"category-economia"},"_links":{"self":[{"href":"https:\/\/migracao.redenoticia.com.br\/noticia\/wp-json\/wp\/v2\/posts\/83719","targetHints":{"allow":["GET"]}}],"collection":[{"href":"https:\/\/migracao.redenoticia.com.br\/noticia\/wp-json\/wp\/v2\/posts"}],"about":[{"href":"https:\/\/migracao.redenoticia.com.br\/noticia\/wp-json\/wp\/v2\/types\/post"}],"author":[{"embeddable":true,"href":"https:\/\/migracao.redenoticia.com.br\/noticia\/wp-json\/wp\/v2\/users\/2"}],"replies":[{"embeddable":true,"href":"https:\/\/migracao.redenoticia.com.br\/noticia\/wp-json\/wp\/v2\/comments?post=83719"}],"version-history":[{"count":0,"href":"https:\/\/migracao.redenoticia.com.br\/noticia\/wp-json\/wp\/v2\/posts\/83719\/revisions"}],"wp:featuredmedia":[{"embeddable":true,"href":"https:\/\/migracao.redenoticia.com.br\/noticia\/wp-json\/wp\/v2\/media\/38938"}],"wp:attachment":[{"href":"https:\/\/migracao.redenoticia.com.br\/noticia\/wp-json\/wp\/v2\/media?parent=83719"}],"wp:term":[{"taxonomy":"category","embeddable":true,"href":"https:\/\/migracao.redenoticia.com.br\/noticia\/wp-json\/wp\/v2\/categories?post=83719"},{"taxonomy":"post_tag","embeddable":true,"href":"https:\/\/migracao.redenoticia.com.br\/noticia\/wp-json\/wp\/v2\/tags?post=83719"}],"curies":[{"name":"wp","href":"https:\/\/api.w.org\/{rel}","templated":true}]}}