{"id":8372,"date":"2009-08-12T11:33:51","date_gmt":"2009-08-12T15:33:51","guid":{"rendered":"http:\/\/www.redenoticia.com.br\/noticia\/?p=8372"},"modified":"2009-08-12T11:33:51","modified_gmt":"2009-08-12T15:33:51","slug":"previsao-do-tempo-em-sao-paulo","status":"publish","type":"post","link":"https:\/\/migracao.redenoticia.com.br\/noticia\/2009\/previsao-do-tempo-em-sao-paulo\/8372","title":{"rendered":"Previs\u00e3o do tempo em S\u00e3o Paulo"},"content":{"rendered":"<p>Previs\u00e3o do tempo em S\u00e3o Paulo \u00a0&#8211; a quarta-feira come\u00e7ou com nebulosidade e temperatura na casa dos 13\u00b0C na Grande S\u00e3o Paulo, mas logo pela manh\u00e3 o sol apareceu e aos poucos a sensa\u00e7\u00e3o de frio diminui. Com o tempo firme e ensolarado, a sensa\u00e7\u00e3o fica agrad\u00e1vel nesta tarde, com m\u00e1xima de 22\u00b0C na Capital.<\/p>\n<p>Segundo os meteorologistas da Somar, a pr\u00f3xima madrugada ainda ser\u00e1 gelada, especialmente nos pontos mais elevados do Estado de S\u00e3o Paulo, at\u00e9 mesmo com forma\u00e7\u00e3o de geadas ao amanhecer. Previs\u00e3o do tempo em Campos do Jord\u00e3o, na Serra da Mantiqueira, indica que a m\u00ednima poder\u00e1 chegar a 2\u00b0C.<\/p>\n<p>A quinta-feira dever\u00e1 amanhecer com nevoeiros em boa parte do Estado paulista, mas ainda pela manh\u00e3 este nevoeiro dissipa e o sol predomina. Previs\u00e3o do tempo informa que a temperatura entra em eleva\u00e7\u00e3o e a m\u00e1xima chega a 27\u00b0C em boa parte do centro e leste do Estado, 28\u00b0C no oeste e 30\u00b0C no norte paulista.<\/p>\n","protected":false},"excerpt":{"rendered":"<p>Previs\u00e3o do tempo em S\u00e3o Paulo \u00a0&#8211; a quarta-feira come\u00e7ou com nebulosidade e temperatura na casa dos 13\u00b0C na Grande S\u00e3o Paulo, mas logo pela manh\u00e3 o sol apareceu e aos poucos a sensa\u00e7\u00e3o de frio diminui. Com o tempo firme e ensolarado, a sensa\u00e7\u00e3o fica agrad\u00e1vel nesta tarde, com m\u00e1xima de 22\u00b0C na Capital. [&hellip;]<\/p>\n","protected":false},"author":3,"featured_media":0,"comment_status":"open","ping_status":"open","sticky":false,"template":"","format":"standard","meta":{"tdm_status":"","tdm_grid_status":"","footnotes":""},"categories":[22,327],"tags":[],"class_list":{"0":"post-8372","1":"post","2":"type-post","3":"status-publish","4":"format-standard","6":"category-brasil","7":"category-clima"},"_links":{"self":[{"href":"https:\/\/migracao.redenoticia.com.br\/noticia\/wp-json\/wp\/v2\/posts\/8372","targetHints":{"allow":["GET"]}}],"collection":[{"href":"https:\/\/migracao.redenoticia.com.br\/noticia\/wp-json\/wp\/v2\/posts"}],"about":[{"href":"https:\/\/migracao.redenoticia.com.br\/noticia\/wp-json\/wp\/v2\/types\/post"}],"author":[{"embeddable":true,"href":"https:\/\/migracao.redenoticia.com.br\/noticia\/wp-json\/wp\/v2\/users\/3"}],"replies":[{"embeddable":true,"href":"https:\/\/migracao.redenoticia.com.br\/noticia\/wp-json\/wp\/v2\/comments?post=8372"}],"version-history":[{"count":0,"href":"https:\/\/migracao.redenoticia.com.br\/noticia\/wp-json\/wp\/v2\/posts\/8372\/revisions"}],"wp:attachment":[{"href":"https:\/\/migracao.redenoticia.com.br\/noticia\/wp-json\/wp\/v2\/media?parent=8372"}],"wp:term":[{"taxonomy":"category","embeddable":true,"href":"https:\/\/migracao.redenoticia.com.br\/noticia\/wp-json\/wp\/v2\/categories?post=8372"},{"taxonomy":"post_tag","embeddable":true,"href":"https:\/\/migracao.redenoticia.com.br\/noticia\/wp-json\/wp\/v2\/tags?post=8372"}],"curies":[{"name":"wp","href":"https:\/\/api.w.org\/{rel}","templated":true}]}}