{"id":83721,"date":"2016-04-05T10:22:54","date_gmt":"2016-04-05T13:22:54","guid":{"rendered":"http:\/\/www.redenoticia.com.br\/noticia\/?p=83721"},"modified":"2016-04-04T16:24:09","modified_gmt":"2016-04-04T19:24:09","slug":"mercado-financeiro-projeta-queda-da-economia-em-373-este-ano","status":"publish","type":"post","link":"https:\/\/migracao.redenoticia.com.br\/noticia\/2016\/mercado-financeiro-projeta-queda-da-economia-em-373-este-ano\/83721","title":{"rendered":"Mercado financeiro projeta queda da economia em 3,73% este ano"},"content":{"rendered":"<p> A proje\u00e7\u00e3o de institui\u00e7\u00f5es financeiras para a <strong><em>queda da economia<\/em><\/strong> este ano passou pelo 11\u00ba ajuste consecutivo. Agora, a estimativa para a queda do Produto Interno Bruto (PIB), a soma de todos os bens e servi\u00e7os produzidos no pa\u00eds, foi alterada de 3,66% para 3,73%.<\/p>\n<p>Para 2017, a expectativa de crescimento foi reduzida de 0,35% para 0,30% no terceiro ajuste seguido. As estimativas fazem parte do boletim Focus, publica\u00e7\u00e3o divulgada semanalmente pelo Banco Central (BC), com base em proje\u00e7\u00f5es de institui\u00e7\u00f5es financeiras para os principais indicadores econ\u00f4micos.<\/p>\n<p>As institui\u00e7\u00f5es financeiras alteraram a proje\u00e7\u00e3o para a infla\u00e7\u00e3o, medida pelo \u00cdndice Nacional de Pre\u00e7os ao Consumidor Amplo (IPCA), de 7,31% para 7,28%, no quarto ajuste seguido. Para 2017, a estimativa segue em 6% h\u00e1 oito semanas consecutivas. As proje\u00e7\u00f5es ultrapassam o centro da meta que \u00e9 4,5%. O teto da meta \u00e9 6,5% este ano, e de 6% em 2017.<\/p>\n<p>Taxa de juros<\/p>\n<p>Em um cen\u00e1rio de retra\u00e7\u00e3o da economia, as institui\u00e7\u00f5es financeiras esperam que o BC reduza a taxa b\u00e1sica de juros, a Selic. A expectativa para a taxa ao final de 2016 passou dos atuais 14,25% para 13,75% ao ano. Para 2017, a mediana das expectativas (desconsiderando os extremos nas proje\u00e7\u00f5es) \u00e9 que a Selic encerre o per\u00edodo em 12,50% ao ano.<\/p>\n<p>Essa proje\u00e7\u00e3o de redu\u00e7\u00e3o da Selic \u00e9 feita mesmo com a afirma\u00e7\u00e3o do BC de que n\u00e3o trabalha com a possibilidade de flexibiliza\u00e7\u00e3o de pol\u00edtica monet\u00e1ria. Em entrevista coletiva de apresenta\u00e7\u00e3o do Relat\u00f3rio de Infla\u00e7\u00e3o, na \u00faltima quinta-feira (31), o diretor de Pol\u00edtica Econ\u00f4mica do BC, Altamir Lopes, refor\u00e7ou que n\u00e3o deve haver redu\u00e7\u00e3o da Selic. \u201cO mercado que se ajuste\u201d, disse.<\/p>\n<p>A taxa \u00e9 usada nas negocia\u00e7\u00f5es de t\u00edtulos p\u00fablicos no Sistema Especial de Liquida\u00e7\u00e3o e Cust\u00f3dia (Selic) e serve como refer\u00eancia para as demais taxas de juros da economia. Ao reajust\u00e1-la para cima, o BC cont\u00e9m o excesso de demanda que pressiona os pre\u00e7os, porque os juros mais altos encarecem o cr\u00e9dito e estimulam a poupan\u00e7a. Quando reduz os juros b\u00e1sicos, o Comit\u00ea de Pol\u00edtica Monet\u00e1ria (Copom) barateia o cr\u00e9dito e incentiva a produ\u00e7\u00e3o e o consumo, mas alivia o controle sobre a infla\u00e7\u00e3o.<\/p>\n<p>A pesquisa do BC tamb\u00e9m traz a proje\u00e7\u00e3o para a infla\u00e7\u00e3o medida pelo \u00cdndice Geral de Pre\u00e7os &#8211; Disponibilidade Interna (IGP-DI), que foi ajustada de 7,43% para 7,41% este ano. Para o \u00cdndice Geral de Pre\u00e7os-Mercado (IGP-M), a estimativa passou de 7,68% para 7,67%, em 2016.<\/p>\n<p>A estimativa para o \u00cdndice de Pre\u00e7os ao Consumidor, da Funda\u00e7\u00e3o Instituto de Pesquisas Econ\u00f4micas (IPC-Fipe) segue em 7% em 2016. A proje\u00e7\u00e3o para os pre\u00e7os administrados foi alterada de 7,30% para 7,40% este ano e mantida em 5,50% em 2017.<\/p>\n<p>E o c\u00e1lculo para a cota\u00e7\u00e3o do d\u00f3lar passou de R$ 4,15 para R$ 4, no fim de 2016, e de R$ 4,20 para R$ 4,10, ao final do pr\u00f3ximo ano.<\/p>\n<p>Kelly Oliveira &#8211; Rep\u00f3rter da Ag\u00eancia Brasil<br \/>\nEdi\u00e7\u00e3o: Kleber Sampaio<br \/>\n05\/04\/2016<\/p>\n","protected":false},"excerpt":{"rendered":"<p>A proje\u00e7\u00e3o de institui\u00e7\u00f5es financeiras para a queda da economia este ano passou pelo 11\u00ba ajuste consecutivo. Agora, a estimativa para a queda do Produto Interno Bruto (PIB), a soma de todos os bens e servi\u00e7os produzidos no pa\u00eds, foi alterada de 3,66% para 3,73%. Para 2017, a expectativa de crescimento foi reduzida de 0,35% [&hellip;]<\/p>\n","protected":false},"author":2,"featured_media":57583,"comment_status":"open","ping_status":"closed","sticky":false,"template":"","format":"standard","meta":{"tdm_status":"","tdm_grid_status":"","footnotes":""},"categories":[22,7],"tags":[],"class_list":{"0":"post-83721","1":"post","2":"type-post","3":"status-publish","4":"format-standard","5":"has-post-thumbnail","7":"category-brasil","8":"category-economia"},"_links":{"self":[{"href":"https:\/\/migracao.redenoticia.com.br\/noticia\/wp-json\/wp\/v2\/posts\/83721","targetHints":{"allow":["GET"]}}],"collection":[{"href":"https:\/\/migracao.redenoticia.com.br\/noticia\/wp-json\/wp\/v2\/posts"}],"about":[{"href":"https:\/\/migracao.redenoticia.com.br\/noticia\/wp-json\/wp\/v2\/types\/post"}],"author":[{"embeddable":true,"href":"https:\/\/migracao.redenoticia.com.br\/noticia\/wp-json\/wp\/v2\/users\/2"}],"replies":[{"embeddable":true,"href":"https:\/\/migracao.redenoticia.com.br\/noticia\/wp-json\/wp\/v2\/comments?post=83721"}],"version-history":[{"count":0,"href":"https:\/\/migracao.redenoticia.com.br\/noticia\/wp-json\/wp\/v2\/posts\/83721\/revisions"}],"wp:featuredmedia":[{"embeddable":true,"href":"https:\/\/migracao.redenoticia.com.br\/noticia\/wp-json\/wp\/v2\/media\/57583"}],"wp:attachment":[{"href":"https:\/\/migracao.redenoticia.com.br\/noticia\/wp-json\/wp\/v2\/media?parent=83721"}],"wp:term":[{"taxonomy":"category","embeddable":true,"href":"https:\/\/migracao.redenoticia.com.br\/noticia\/wp-json\/wp\/v2\/categories?post=83721"},{"taxonomy":"post_tag","embeddable":true,"href":"https:\/\/migracao.redenoticia.com.br\/noticia\/wp-json\/wp\/v2\/tags?post=83721"}],"curies":[{"name":"wp","href":"https:\/\/api.w.org\/{rel}","templated":true}]}}