{"id":83762,"date":"2016-04-05T16:24:04","date_gmt":"2016-04-05T19:24:04","guid":{"rendered":"http:\/\/www.redenoticia.com.br\/noticia\/?p=83762"},"modified":"2016-04-05T19:40:46","modified_gmt":"2016-04-05T22:40:46","slug":"novela-cuidado-com-o-anjo-resumo-0604-malu-foge-de-joao-e-sofre-acidente","status":"publish","type":"post","link":"https:\/\/migracao.redenoticia.com.br\/noticia\/2016\/novela-cuidado-com-o-anjo-resumo-0604-malu-foge-de-joao-e-sofre-acidente\/83762","title":{"rendered":"Novela \u201cCuidado com o Anjo\u201d resumo 06\/04: Mal\u00fa foge de Jo\u00e3o e sofre acidente"},"content":{"rendered":"<p> <img loading=\"lazy\" decoding=\"async\" src=\"https:\/\/migracao.redenoticia.com.br\/noticia\/imagens\/cuidado-com-o-anjo-novela-resumo-capitulo-sbt-episodio-150x112.jpg\" alt=\"cuidado com o anjo novela resumo capitulo sbt episodio\" width=\"150\" height=\"112\" class=\"alignleft size-thumbnail wp-image-82049\" srcset=\"https:\/\/migracao.redenoticia.com.br\/noticia\/imagens\/cuidado-com-o-anjo-novela-resumo-capitulo-sbt-episodio-150x112.jpg 150w, https:\/\/migracao.redenoticia.com.br\/noticia\/imagens\/cuidado-com-o-anjo-novela-resumo-capitulo-sbt-episodio-265x198.jpg 265w\" sizes=\"auto, (max-width: 150px) 100vw, 150px\" \/><strong><em>Novela \u201cCuidado com o Anjo\u201d resumo 06\/04<\/em><\/strong>: Ao descobrir que Mal\u00fa continua cega, Jo\u00e3o Miguel interrompe sua viajem e volta com esperan\u00e7a de reconquistar o seu grande amor. Ele encontra Mal\u00fa na rua, depois de uma visita a padre Anselmo. Jo\u00e3o Miguel diz que a ama, mas ela, cheia de rancor, por estar envenenada por Ana J\u00falia, tenta fugir dele. Mal\u00fa \u00e9 atingida por uma caminhonete e perde os sentidos. Com ajuda do padre Anselmo, Jo\u00e3o Miguel a leva a um posto de sa\u00fade pr\u00f3ximo e se sente culpado pelo que aconteceu. Mal\u00fa demora a reagir e os m\u00e9dicos aconselham Patr\u00edcio a transferir a filha para um hospital com mais recursos, onde exames mais sofisticados poder\u00e3o dizer se o golpe agravou sua cegueira.<\/p>\n<p>No capitulo 093(*), novela \u201cCuidado com o Anjo\u201d, quarta-feira, 06 de abril \u2013 Jo\u00e3o Miguel volta de viagem e diz a Tininha que em breve estar\u00e3o vivendo junto com Mal\u00fa e seu irm\u00e3ozinho. Mal\u00fa visita padre Anselmo e os amigos da Vila enquanto Jo\u00e3o Miguel conversa com Cec\u00edlia, diz a ela o quanto ama sua filha e promete fazer tudo que for poss\u00edvel para que ela recupere a vis\u00e3o. O rapaz encontra Mal\u00fa na rua, diz que a ama, mas ela, cheia de rancor, tenta fugir dele, \u00e9 atingida por uma caminhonete e perde os sentidos. Com ajuda do padre Anselmo, Jo\u00e3o Miguel leva Mal\u00fa a um posto de sa\u00fade pr\u00f3ximo e se sente culpado pelo que aconteceu. Patr\u00edcio culpa o rapaz por tudo que aconteceu com sua filha agora e no passado e exige que se afaste dela para sempre. Cec\u00edlia teme pela vida da filha e reza fervorosamente. <\/p>\n<p>Mal\u00fa demora a reagir e os m\u00e9dicos temem um agravamento de sua cegueira. Jo\u00e3o Miguel se desespera com a situa\u00e7\u00e3o de Mal\u00fa e \u00e9 consolado pelo padre Anselmo. Ana J\u00falia, por sua vez, come\u00e7a a dar excessiva aten\u00e7\u00e3o a Jo\u00e3o Miguel. Mal\u00fa recobra a consci\u00eancia e diz aos pais que n\u00e3o quer ver Jo\u00e3o Miguel. Jo\u00e3o Miguel entra no quarto onde est\u00e1 Mal\u00fa e ouve quando ela diz que n\u00e3o quer voltar a v\u00ea-lo. Patr\u00edcio discute com Jo\u00e3o Miguel e diz que n\u00e3o permitir\u00e1 que volte a se aproximar de sua filha. Padre Anselmo consola o rapaz e o aconselha a ser paciente. Os m\u00e9dicos aconselham Patr\u00edcio a transferir a filha para um hospital com mais recursos, onde exames mais sofisticados poder\u00e3o dizer se o golpe agravou sua cegueira. Ana J\u00falia inveja a sorte de Mal\u00fa e est\u00e1 cada vez mais interessada em Jo\u00e3o Miguel. <\/p>\n<p>Mal\u00fa continua inconsciente, mas Jo\u00e3o Miguel pede perd\u00e3o a ela e a Cec\u00edlia. Depois comenta com Of\u00e9lia sobre o acidente e diz que se sente culpado pelo que aconteceu. Ana J\u00falia informa Jo\u00e3o Miguel sobre o hospital para onde Mal\u00fa foi transferida e diz que pode contar com ela incondicionalmente. Israel teme que Mal\u00fa n\u00e3o possa ser operada e realiza uma s\u00e9rie de exames. Patr\u00edcio comenta com Israel que Estef\u00e2nia j\u00e1 est\u00e1 pagando pelo mal que fez a sua filha e diz que o outro culpado tamb\u00e9m pagar\u00e1. Mal\u00fa est\u00e1 com febre muito alta e sofre uma convuls\u00e3o. Jo\u00e3o Miguel espera angustiado pelo resultado dos exames. <\/p>\n<p>(*) edi\u00e7\u00e3o do SBT, Novela \u201cCuidado com o Anjo\u201d, sujeito a altera\u00e7\u00e3o de data e conte\u00fado.<\/p>\n","protected":false},"excerpt":{"rendered":"<p>Novela \u201cCuidado com o Anjo\u201d resumo 06\/04: Ao descobrir que Mal\u00fa continua cega, Jo\u00e3o Miguel interrompe sua viajem e volta com esperan\u00e7a de reconquistar o seu grande amor. Ele encontra Mal\u00fa na rua, depois de uma visita a padre Anselmo. Jo\u00e3o Miguel diz que a ama, mas ela, cheia de rancor, por estar envenenada por [&hellip;]<\/p>\n","protected":false},"author":2,"featured_media":82049,"comment_status":"open","ping_status":"closed","sticky":false,"template":"","format":"standard","meta":{"tdm_status":"","tdm_grid_status":"","footnotes":""},"categories":[379,372,343],"tags":[441],"class_list":{"0":"post-83762","1":"post","2":"type-post","3":"status-publish","4":"format-standard","5":"has-post-thumbnail","7":"category-novelas","8":"category-sbt","9":"category-televisao","10":"tag-resumo-do-dia"},"_links":{"self":[{"href":"https:\/\/migracao.redenoticia.com.br\/noticia\/wp-json\/wp\/v2\/posts\/83762","targetHints":{"allow":["GET"]}}],"collection":[{"href":"https:\/\/migracao.redenoticia.com.br\/noticia\/wp-json\/wp\/v2\/posts"}],"about":[{"href":"https:\/\/migracao.redenoticia.com.br\/noticia\/wp-json\/wp\/v2\/types\/post"}],"author":[{"embeddable":true,"href":"https:\/\/migracao.redenoticia.com.br\/noticia\/wp-json\/wp\/v2\/users\/2"}],"replies":[{"embeddable":true,"href":"https:\/\/migracao.redenoticia.com.br\/noticia\/wp-json\/wp\/v2\/comments?post=83762"}],"version-history":[{"count":0,"href":"https:\/\/migracao.redenoticia.com.br\/noticia\/wp-json\/wp\/v2\/posts\/83762\/revisions"}],"wp:featuredmedia":[{"embeddable":true,"href":"https:\/\/migracao.redenoticia.com.br\/noticia\/wp-json\/wp\/v2\/media\/82049"}],"wp:attachment":[{"href":"https:\/\/migracao.redenoticia.com.br\/noticia\/wp-json\/wp\/v2\/media?parent=83762"}],"wp:term":[{"taxonomy":"category","embeddable":true,"href":"https:\/\/migracao.redenoticia.com.br\/noticia\/wp-json\/wp\/v2\/categories?post=83762"},{"taxonomy":"post_tag","embeddable":true,"href":"https:\/\/migracao.redenoticia.com.br\/noticia\/wp-json\/wp\/v2\/tags?post=83762"}],"curies":[{"name":"wp","href":"https:\/\/api.w.org\/{rel}","templated":true}]}}