{"id":83764,"date":"2016-04-05T16:30:55","date_gmt":"2016-04-05T19:30:55","guid":{"rendered":"http:\/\/www.redenoticia.com.br\/noticia\/?p=83764"},"modified":"2016-04-05T19:40:46","modified_gmt":"2016-04-05T22:40:46","slug":"novela-teresa-resumo-0604-fernando-sofre-golpe-e-pede-perdao-a-oriana","status":"publish","type":"post","link":"https:\/\/migracao.redenoticia.com.br\/noticia\/2016\/novela-teresa-resumo-0604-fernando-sofre-golpe-e-pede-perdao-a-oriana\/83764","title":{"rendered":"Novela \u201cTeresa\u201d resumo 06\/04: Fernando sofre golpe e pede perd\u00e3o a Oriana"},"content":{"rendered":"<p> <img loading=\"lazy\" decoding=\"async\" src=\"https:\/\/migracao.redenoticia.com.br\/noticia\/imagens\/teresa_resumo_novela_sbt_capitulo-150x112.jpg\" alt=\"teresa_resumo_novela_sbt_capitulo\" width=\"150\" height=\"112\" class=\"alignleft size-thumbnail wp-image-82052\" srcset=\"https:\/\/migracao.redenoticia.com.br\/noticia\/imagens\/teresa_resumo_novela_sbt_capitulo-150x112.jpg 150w, https:\/\/migracao.redenoticia.com.br\/noticia\/imagens\/teresa_resumo_novela_sbt_capitulo-265x198.jpg 265w\" sizes=\"auto, (max-width: 150px) 100vw, 150px\" \/><strong><em>Novela \u201cTeresa\u201d resumo 06\/04<\/em><\/strong>: depois de sofrer um derrame cerebral, Oriana continua hospitalizada. Fernando vai visit\u00e1-la e lhe diz que tinha raz\u00e3o, pois Teresa \u00e9 a pior das mulheres, pois j\u00e1 n\u00e3o vai se casar com ele, porque tudo o que lhe deu ela j\u00e1 vendeu. Fernando conta que Teresa ficou com a metade da fortuna dele. Depois, Fernando procura Teresa para recrimin\u00e1-la por ter vendido suas empresas. Teresa diz que fez isso pelos dois, pois quer que ele se acerte com sua m\u00e3e. Fernando suplica para que n\u00e3o o deixe. Ela diz para ele ter dignidade e assumir a situa\u00e7\u00e3o como um homem. Teresa o manda ir embora e que n\u00e3o se fa\u00e7a de v\u00edtima. Fernando volta ao hospital e pede o perd\u00e3o de Oriana.<\/p>\n<p>No cap\u00edtulo 133(*), novela \u201cTeresa\u201d, quarta-feira, 06 de abril \u2013 Regina conversa com Mariano e Aurora e diz que Teresa a negou diante dela, lhe diz que jamais acreditou que fosse capaz de tanto. Mais tarde Roberto consola Joana pela atitude de Teresa, ela se sente mal, pois jamais pensou que seria tratada assim, nesse momento chega Aurora e lhe diz que ela \u00e9 sua filha e a abra\u00e7a. Teresa est\u00e1 certa de que cedo ou tarde convencer\u00e1 Arthur de que voltem. Genoveva est\u00e1 na cadeia, as outras presas a aborrecem e cortam seu cabelo. Na cadeia de homens, os presos continuam aborrecendo Rubens, um deles lhe diz que n\u00e3o o perdoam por matar Nico e o apunhalam. Oriana continua no hospital, Fernando entra no quarto e lhe diz que tinha raz\u00e3o, pois Teresa \u00e9 a pior das mulheres, pois j\u00e1 n\u00e3o vai se casar com ele, porque tudo o que lhe deu j\u00e1 vendeu, lhe informa que ficou com a metade de sua fortuna. <\/p>\n<p>Teresa vai \u00e0 casa de A\u00edda para dizer que Rubens morreu, a mo\u00e7a se recusa a acreditar e diz que Teresa n\u00e3o vale nada, pois at\u00e9 da morte zomba, nesse momento chegam Mariano e Aurora, Teresa lhes pede o convite para seu casamento, mas eles deixam claro que n\u00e3o ser\u00e1 bem recebida e n\u00e3o querem voltar a v\u00ea-la. Arthur vai \u00e0 vila e diz a Joana e Roberto que sente muito o que fez, ela diz que est\u00e1 profundamente entristecida e decepcionada, Arthur lhes d\u00e1 a boa not\u00edcia de que j\u00e1 est\u00e1 fazendo todo o poss\u00edvel para que possam adotar um filho. Fernando procura Teresa para recrimin\u00e1-la por ter vendido suas empresas, ela diz que fez isso pelos dois, pois quer que se acerte com sua m\u00e3e. Ele lhe pede n\u00e3o o deixe, ela diz que n\u00e3o tem dignidade e assuma a situa\u00e7\u00e3o como um homem e lhe diz que n\u00e3o se fa\u00e7a de v\u00edtima e lhe pede que v\u00e1 embora. Esperan\u00e7a escuta a conversa e ela tamb\u00e9m reprova que tenha tirado o dinheiro do rapaz. <\/p>\n<p>Teresa diz que tem que tentar que Arthur volte ao seu lado, mas Esperan\u00e7a lhe diz que \u00e9 imposs\u00edvel. Arthur sai de viagem, enquanto dirige, ele se lembra de tudo o que viveu com Teresa, de repente sofre um acidente e sai da estrada ficando inconsciente e muito ferido. A pol\u00edcia procura Teresa para informar que Arthur sofreu um acidente, mas n\u00e3o encontraram o corpo de seu ex-esposo. No dia seguinte, muito cedo ela se dirige ao lugar do acidente com a policia para procur\u00e1-lo. Alguns moradores resgatam Arthur, um deles vai ao povoado mais pr\u00f3ximo para avisar a pol\u00edcia. Mais tarde a pol\u00edcia recebe a mensagem. Teresa pede um helic\u00f3ptero para resgat\u00e1-lo. Fernando assegura Oriana que vai cuidar dela at\u00e9 que se recupere e lhe pede perd\u00e3o, lhe diz que juntos seguir\u00e3o em frente.   <\/p>\n<p>(*) edi\u00e7\u00e3o do SBT, Novela \u201cTeresa\u201d, sujeito a altera\u00e7\u00e3o de data e conte\u00fado.<\/p>\n","protected":false},"excerpt":{"rendered":"<p>Novela \u201cTeresa\u201d resumo 06\/04: depois de sofrer um derrame cerebral, Oriana continua hospitalizada. Fernando vai visit\u00e1-la e lhe diz que tinha raz\u00e3o, pois Teresa \u00e9 a pior das mulheres, pois j\u00e1 n\u00e3o vai se casar com ele, porque tudo o que lhe deu ela j\u00e1 vendeu. Fernando conta que Teresa ficou com a metade da [&hellip;]<\/p>\n","protected":false},"author":2,"featured_media":82052,"comment_status":"open","ping_status":"closed","sticky":false,"template":"","format":"standard","meta":{"tdm_status":"","tdm_grid_status":"","footnotes":""},"categories":[379,372,343],"tags":[441],"class_list":{"0":"post-83764","1":"post","2":"type-post","3":"status-publish","4":"format-standard","5":"has-post-thumbnail","7":"category-novelas","8":"category-sbt","9":"category-televisao","10":"tag-resumo-do-dia"},"_links":{"self":[{"href":"https:\/\/migracao.redenoticia.com.br\/noticia\/wp-json\/wp\/v2\/posts\/83764","targetHints":{"allow":["GET"]}}],"collection":[{"href":"https:\/\/migracao.redenoticia.com.br\/noticia\/wp-json\/wp\/v2\/posts"}],"about":[{"href":"https:\/\/migracao.redenoticia.com.br\/noticia\/wp-json\/wp\/v2\/types\/post"}],"author":[{"embeddable":true,"href":"https:\/\/migracao.redenoticia.com.br\/noticia\/wp-json\/wp\/v2\/users\/2"}],"replies":[{"embeddable":true,"href":"https:\/\/migracao.redenoticia.com.br\/noticia\/wp-json\/wp\/v2\/comments?post=83764"}],"version-history":[{"count":0,"href":"https:\/\/migracao.redenoticia.com.br\/noticia\/wp-json\/wp\/v2\/posts\/83764\/revisions"}],"wp:featuredmedia":[{"embeddable":true,"href":"https:\/\/migracao.redenoticia.com.br\/noticia\/wp-json\/wp\/v2\/media\/82052"}],"wp:attachment":[{"href":"https:\/\/migracao.redenoticia.com.br\/noticia\/wp-json\/wp\/v2\/media?parent=83764"}],"wp:term":[{"taxonomy":"category","embeddable":true,"href":"https:\/\/migracao.redenoticia.com.br\/noticia\/wp-json\/wp\/v2\/categories?post=83764"},{"taxonomy":"post_tag","embeddable":true,"href":"https:\/\/migracao.redenoticia.com.br\/noticia\/wp-json\/wp\/v2\/tags?post=83764"}],"curies":[{"name":"wp","href":"https:\/\/api.w.org\/{rel}","templated":true}]}}