{"id":83768,"date":"2016-04-05T18:42:27","date_gmt":"2016-04-05T21:42:27","guid":{"rendered":"http:\/\/www.redenoticia.com.br\/noticia\/?p=83768"},"modified":"2016-04-05T19:37:54","modified_gmt":"2016-04-05T22:37:54","slug":"novela-meu-coracao-e-teu-resumo-0604-fernando-pede-perdao-a-ana","status":"publish","type":"post","link":"https:\/\/migracao.redenoticia.com.br\/noticia\/2016\/novela-meu-coracao-e-teu-resumo-0604-fernando-pede-perdao-a-ana\/83768","title":{"rendered":"Novela \u201cMeu Cora\u00e7\u00e3o \u00e9 Teu\u201d resumo 06\/04: Fernando pede perd\u00e3o a Ana"},"content":{"rendered":"<p> <img loading=\"lazy\" decoding=\"async\" src=\"https:\/\/migracao.redenoticia.com.br\/noticia\/imagens\/meu_coracao_e_teu_novela_resumo_sbt-150x112.jpg\" alt=\"meu_coracao_e_teu_novela_resumo_sbt\" width=\"150\" height=\"112\" class=\"alignleft size-thumbnail wp-image-82119\" srcset=\"https:\/\/migracao.redenoticia.com.br\/noticia\/imagens\/meu_coracao_e_teu_novela_resumo_sbt-150x112.jpg 150w, https:\/\/migracao.redenoticia.com.br\/noticia\/imagens\/meu_coracao_e_teu_novela_resumo_sbt-265x198.jpg 265w\" sizes=\"auto, (max-width: 150px) 100vw, 150px\" \/><strong><em>Novela \u201cMeu Cora\u00e7\u00e3o \u00e9 Teu\u201d resumo 06\/04<\/em><\/strong>: no casamento de Isabela e Fernando, Ana torce o p\u00e9 e Diego precisa lev\u00e1-la ao hospital. Fernando fica com ci\u00fames e Nicolas o lembra que agora ele \u00e9 um homem casado. Fernando se despede de seus filhos e Ana volta de bra\u00e7os dados com Diego. Fernando fica visivelmente incomodado e pede perd\u00e3o. Ana sussurra que, agora sim, est\u00e1 tudo terminado. Na lua de mel, Fernando n\u00e3o consegue tirar Ana de seus pensamentos.<\/p>\n<p>No cap\u00edtulo 028 (*), novela \u201cMeu Cora\u00e7\u00e3o \u00e9 Teu\u201d, quarta-feira, 06 de abril \u2013 Fernando concorda e diz que realmente n\u00e3o pode mais mostrar tanto ci\u00fame. Quando Fernando est\u00e1 se despedindo de seus filhos chegam Ana e Diego, de bra\u00e7os dados, e Fernando fica visivelmente incomodado. Fernando e Ana se olham. Ele a pede perd\u00e3o. Ana, com l\u00e1grimas nos olhos, sussurra que agora sim est\u00e1 tudo terminado. <\/p>\n<p>Nicolas diz a Diego que o seu maior desejo \u00e9 que ele e Fernando se reconciliem, mas caso Diego siga tentando algo com Ana, isso jamais acontecer\u00e1. Leon diz a Tamara que tem uma namorada. Tamara responde que nunca deixou de am\u00e1-lo. Fanny conta a Ana o que ocorreu com Leon. <\/p>\n<p>Fanny e Leon discutem por tudo que est\u00e1 acontecendo e ele volta a negar que esteja ocorrendo algo diferente. Em plena lua de mel, Fernando n\u00e3o consegue tirar Ana de seus pensamentos. Isabela tenta atrair a aten\u00e7\u00e3o de Fernando, mas ele a todo momento se mostra distante, pois n\u00e3o para de pensar em Ana.  <\/p>\n<p>(*) edi\u00e7\u00e3o do SBT, Novela \u201cMeu Cora\u00e7\u00e3o \u00e9 Teu\u201d, sujeito a altera\u00e7\u00e3o de data e conte\u00fado.<\/p>\n","protected":false},"excerpt":{"rendered":"<p>Novela \u201cMeu Cora\u00e7\u00e3o \u00e9 Teu\u201d resumo 06\/04: no casamento de Isabela e Fernando, Ana torce o p\u00e9 e Diego precisa lev\u00e1-la ao hospital. Fernando fica com ci\u00fames e Nicolas o lembra que agora ele \u00e9 um homem casado. Fernando se despede de seus filhos e Ana volta de bra\u00e7os dados com Diego. Fernando fica visivelmente [&hellip;]<\/p>\n","protected":false},"author":2,"featured_media":82119,"comment_status":"open","ping_status":"closed","sticky":false,"template":"","format":"standard","meta":{"tdm_status":"","tdm_grid_status":"","footnotes":""},"categories":[379,372,343],"tags":[441],"class_list":{"0":"post-83768","1":"post","2":"type-post","3":"status-publish","4":"format-standard","5":"has-post-thumbnail","7":"category-novelas","8":"category-sbt","9":"category-televisao","10":"tag-resumo-do-dia"},"_links":{"self":[{"href":"https:\/\/migracao.redenoticia.com.br\/noticia\/wp-json\/wp\/v2\/posts\/83768","targetHints":{"allow":["GET"]}}],"collection":[{"href":"https:\/\/migracao.redenoticia.com.br\/noticia\/wp-json\/wp\/v2\/posts"}],"about":[{"href":"https:\/\/migracao.redenoticia.com.br\/noticia\/wp-json\/wp\/v2\/types\/post"}],"author":[{"embeddable":true,"href":"https:\/\/migracao.redenoticia.com.br\/noticia\/wp-json\/wp\/v2\/users\/2"}],"replies":[{"embeddable":true,"href":"https:\/\/migracao.redenoticia.com.br\/noticia\/wp-json\/wp\/v2\/comments?post=83768"}],"version-history":[{"count":0,"href":"https:\/\/migracao.redenoticia.com.br\/noticia\/wp-json\/wp\/v2\/posts\/83768\/revisions"}],"wp:featuredmedia":[{"embeddable":true,"href":"https:\/\/migracao.redenoticia.com.br\/noticia\/wp-json\/wp\/v2\/media\/82119"}],"wp:attachment":[{"href":"https:\/\/migracao.redenoticia.com.br\/noticia\/wp-json\/wp\/v2\/media?parent=83768"}],"wp:term":[{"taxonomy":"category","embeddable":true,"href":"https:\/\/migracao.redenoticia.com.br\/noticia\/wp-json\/wp\/v2\/categories?post=83768"},{"taxonomy":"post_tag","embeddable":true,"href":"https:\/\/migracao.redenoticia.com.br\/noticia\/wp-json\/wp\/v2\/tags?post=83768"}],"curies":[{"name":"wp","href":"https:\/\/api.w.org\/{rel}","templated":true}]}}