{"id":83776,"date":"2016-04-05T17:21:55","date_gmt":"2016-04-05T20:21:55","guid":{"rendered":"http:\/\/www.redenoticia.com.br\/noticia\/?p=83776"},"modified":"2016-04-05T19:39:35","modified_gmt":"2016-04-05T22:39:35","slug":"novela-sila-resumo-0604-azad-e-narin-temem-castigo","status":"publish","type":"post","link":"https:\/\/migracao.redenoticia.com.br\/noticia\/2016\/novela-sila-resumo-0604-azad-e-narin-temem-castigo\/83776","title":{"rendered":"Novela \u201cSila\u201d resumo 06\/04: Azad e Narin temem castigo"},"content":{"rendered":"<p> <img loading=\"lazy\" decoding=\"async\" src=\"https:\/\/migracao.redenoticia.com.br\/noticia\/imagens\/sila_band_novela_resumo_capitulo-150x112.jpg\" alt=\"sila_band_novela_resumo_capitulo\" width=\"150\" height=\"112\" class=\"alignleft size-thumbnail wp-image-83098\" srcset=\"https:\/\/migracao.redenoticia.com.br\/noticia\/imagens\/sila_band_novela_resumo_capitulo-150x112.jpg 150w, https:\/\/migracao.redenoticia.com.br\/noticia\/imagens\/sila_band_novela_resumo_capitulo-265x198.jpg 265w\" sizes=\"auto, (max-width: 150px) 100vw, 150px\" \/><strong><em> Novela \u201cSila\u201d resumo 06\/04<\/em><\/strong>: Sila est\u00e1 apavorada com o rumo que sua vida tomou. Depois de muitas tentativas, ela consegue fugir, mas seu irm\u00e3o Azad e a cunhada Narin s\u00e3o castigados. A fuga de Sila n\u00e3o dura muito tempo, pois logo \u00e9 encontrada pelo primo de Boran. Desta forma, Azad e sua esposa escapam da morte.<\/p>\n<p>No capitulo  (*), novela \u201cSila\u201d, quarta-feira, 06 de abril \u2013 Sila \u00e9 agredida pelo irm\u00e3o mais velho. Ela consegue fugir para a estrada, mas \u00e9 encontrada pelo primo de Boran. Azad e Narin s\u00e3o castigados pela tentativa de fuga de Sila. Bedar enfrenta o marido para defender os filhos. <\/p>\n<p>Como j\u00e1 a encontraram, n\u00e3o \u00e9 mais necess\u00e1rio que Azad e Narin morram por romper a tradi\u00e7\u00e3o. <\/p>\n<p>Sila desce do carro e volta a fugir. Cihan tenta atirar para det\u00ea-la, mas Azad fica na frente e \u00e9 baleado. J\u00e1 em casa, Sila se nega a receber as ordens de sua sogra, por exemplo, n\u00e3o quer se vestir com a roupa que lhe indica, por isso \u00e9 castigada.   <\/p>\n<p>(*) edi\u00e7\u00e3o da Band, Novela \u201cSila\u201d, sujeito a altera\u00e7\u00e3o de data e conte\u00fado.<\/p>\n","protected":false},"excerpt":{"rendered":"<p>Novela \u201cSila\u201d resumo 06\/04: Sila est\u00e1 apavorada com o rumo que sua vida tomou. Depois de muitas tentativas, ela consegue fugir, mas seu irm\u00e3o Azad e a cunhada Narin s\u00e3o castigados. A fuga de Sila n\u00e3o dura muito tempo, pois logo \u00e9 encontrada pelo primo de Boran. Desta forma, Azad e sua esposa escapam da [&hellip;]<\/p>\n","protected":false},"author":2,"featured_media":83098,"comment_status":"open","ping_status":"closed","sticky":false,"template":"","format":"standard","meta":{"tdm_status":"","tdm_grid_status":"","footnotes":""},"categories":[390,379,343],"tags":[441],"class_list":{"0":"post-83776","1":"post","2":"type-post","3":"status-publish","4":"format-standard","5":"has-post-thumbnail","7":"category-band","8":"category-novelas","9":"category-televisao","10":"tag-resumo-do-dia"},"_links":{"self":[{"href":"https:\/\/migracao.redenoticia.com.br\/noticia\/wp-json\/wp\/v2\/posts\/83776","targetHints":{"allow":["GET"]}}],"collection":[{"href":"https:\/\/migracao.redenoticia.com.br\/noticia\/wp-json\/wp\/v2\/posts"}],"about":[{"href":"https:\/\/migracao.redenoticia.com.br\/noticia\/wp-json\/wp\/v2\/types\/post"}],"author":[{"embeddable":true,"href":"https:\/\/migracao.redenoticia.com.br\/noticia\/wp-json\/wp\/v2\/users\/2"}],"replies":[{"embeddable":true,"href":"https:\/\/migracao.redenoticia.com.br\/noticia\/wp-json\/wp\/v2\/comments?post=83776"}],"version-history":[{"count":0,"href":"https:\/\/migracao.redenoticia.com.br\/noticia\/wp-json\/wp\/v2\/posts\/83776\/revisions"}],"wp:featuredmedia":[{"embeddable":true,"href":"https:\/\/migracao.redenoticia.com.br\/noticia\/wp-json\/wp\/v2\/media\/83098"}],"wp:attachment":[{"href":"https:\/\/migracao.redenoticia.com.br\/noticia\/wp-json\/wp\/v2\/media?parent=83776"}],"wp:term":[{"taxonomy":"category","embeddable":true,"href":"https:\/\/migracao.redenoticia.com.br\/noticia\/wp-json\/wp\/v2\/categories?post=83776"},{"taxonomy":"post_tag","embeddable":true,"href":"https:\/\/migracao.redenoticia.com.br\/noticia\/wp-json\/wp\/v2\/tags?post=83776"}],"curies":[{"name":"wp","href":"https:\/\/api.w.org\/{rel}","templated":true}]}}