{"id":83820,"date":"2016-04-06T10:35:02","date_gmt":"2016-04-06T13:35:02","guid":{"rendered":"http:\/\/www.redenoticia.com.br\/noticia\/?p=83820"},"modified":"2016-04-05T22:46:23","modified_gmt":"2016-04-06T01:46:23","slug":"ministerio-da-saude-confirma-102-casos-de-microcefalia-em-uma-semana","status":"publish","type":"post","link":"https:\/\/migracao.redenoticia.com.br\/noticia\/2016\/ministerio-da-saude-confirma-102-casos-de-microcefalia-em-uma-semana\/83820","title":{"rendered":"Minist\u00e9rio da Sa\u00fade confirma 102 casos de microcefalia em uma semana"},"content":{"rendered":"<p> O Minist\u00e9rio da Sa\u00fade divulgou que 1.046 beb\u00eas nasceram com <em><strong>microcefalia<\/strong><\/em> e outras altera\u00e7\u00f5es do sistema nervoso, sugestivos de infec\u00e7\u00e3o cong\u00eanita, desde que a pasta come\u00e7ou a investigar a rela\u00e7\u00e3o entre o v\u00edrus Zika e a malforma\u00e7\u00e3o, em outubro do ano passado. Em uma semana, foram confirmados 102 novos casos.<\/p>\n<p>De todas as confirma\u00e7\u00f5es, 170 tiveram rela\u00e7\u00e3o laboratorial para o Zika, mas, devido a dificuldades neste diagn\u00f3stico, a pasta considera que o n\u00famero n\u00e3o reflete a realidade e que na verdade a maioria dos casos foram causados pelo v\u00edrus.<\/p>\n<p> De acordo com o boletim, 4.046 outros casos notificados como suspeitos de terem microcefalia est\u00e3o em investiga\u00e7\u00e3o e 1.814 foram descartados.<\/p>\n<p>Pesquisa<\/p>\n<p>A pasta tamb\u00e9m divulgou hoje resultados preliminares de estudo feito na Para\u00edba que apontam maior risco de beb\u00eas nascerem com microcefalia quando as gestantes s\u00e3o infectadas pelo v\u00edrus Zika no primeiro trimestre de gravidez. Desde que a rela\u00e7\u00e3o entre o v\u00edrus e a malforma\u00e7\u00e3o foi feita, os infectologistas e neurologistas acreditavam fortemente nesta hip\u00f3tese, mas para a confirma\u00e7\u00e3o cient\u00edfica \u00e9 necess\u00e1ria a conclus\u00e3o do estudo.<\/p>\n<p>Para a pesquisa, feita em parceria entre o Minist\u00e9rio da Sa\u00fade, o governo da Para\u00edba e Centro de Controle e Preven\u00e7\u00e3o de Doen\u00e7as Transmiss\u00edveis dos Estados Unidos, 165 entrevistas com m\u00e3es de beb\u00eas com microcefalia e 446 m\u00e3es de beb\u00eas da mesma regi\u00e3o sem microcefalia. Todas as m\u00e3es t\u00eam beb\u00eas de at\u00e9 sete meses.<\/p>\n<p>O Minist\u00e9rio da Sa\u00fade, em pareceria com o governo da Para\u00edba e Centro de Controle e Preven\u00e7\u00e3o de Doen\u00e7as Transmiss\u00edveis (CDC) dos Estados Unidos, continua com a an\u00e1lise das amostras de sangue coletadas nas m\u00e3es e beb\u00eas paraibanos. Somente ap\u00f3s esta fase, os resultados finais ser\u00e3o divulgados. O resultado inicial do estudo tamb\u00e9m n\u00e3o encontrou nenhuma associa\u00e7\u00e3o da microcefalia com a exposi\u00e7\u00e3o de produtos como inseticidas, por exemplo.<\/p>\n<p>Aline Leal &#8211; Rep\u00f3rter da Ag\u00eancia Brasil<br \/>\nEdi\u00e7\u00e3o: F\u00e1bio Massalli<br \/>\n06\/04\/2016<\/p>\n","protected":false},"excerpt":{"rendered":"<p>O Minist\u00e9rio da Sa\u00fade divulgou que 1.046 beb\u00eas nasceram com microcefalia e outras altera\u00e7\u00f5es do sistema nervoso, sugestivos de infec\u00e7\u00e3o cong\u00eanita, desde que a pasta come\u00e7ou a investigar a rela\u00e7\u00e3o entre o v\u00edrus Zika e a malforma\u00e7\u00e3o, em outubro do ano passado. Em uma semana, foram confirmados 102 novos casos. De todas as confirma\u00e7\u00f5es, 170 [&hellip;]<\/p>\n","protected":false},"author":2,"featured_media":37376,"comment_status":"open","ping_status":"closed","sticky":false,"template":"","format":"standard","meta":{"tdm_status":"","tdm_grid_status":"","footnotes":""},"categories":[22,5],"tags":[],"class_list":{"0":"post-83820","1":"post","2":"type-post","3":"status-publish","4":"format-standard","5":"has-post-thumbnail","7":"category-brasil","8":"category-saude-e-vida"},"_links":{"self":[{"href":"https:\/\/migracao.redenoticia.com.br\/noticia\/wp-json\/wp\/v2\/posts\/83820","targetHints":{"allow":["GET"]}}],"collection":[{"href":"https:\/\/migracao.redenoticia.com.br\/noticia\/wp-json\/wp\/v2\/posts"}],"about":[{"href":"https:\/\/migracao.redenoticia.com.br\/noticia\/wp-json\/wp\/v2\/types\/post"}],"author":[{"embeddable":true,"href":"https:\/\/migracao.redenoticia.com.br\/noticia\/wp-json\/wp\/v2\/users\/2"}],"replies":[{"embeddable":true,"href":"https:\/\/migracao.redenoticia.com.br\/noticia\/wp-json\/wp\/v2\/comments?post=83820"}],"version-history":[{"count":0,"href":"https:\/\/migracao.redenoticia.com.br\/noticia\/wp-json\/wp\/v2\/posts\/83820\/revisions"}],"wp:featuredmedia":[{"embeddable":true,"href":"https:\/\/migracao.redenoticia.com.br\/noticia\/wp-json\/wp\/v2\/media\/37376"}],"wp:attachment":[{"href":"https:\/\/migracao.redenoticia.com.br\/noticia\/wp-json\/wp\/v2\/media?parent=83820"}],"wp:term":[{"taxonomy":"category","embeddable":true,"href":"https:\/\/migracao.redenoticia.com.br\/noticia\/wp-json\/wp\/v2\/categories?post=83820"},{"taxonomy":"post_tag","embeddable":true,"href":"https:\/\/migracao.redenoticia.com.br\/noticia\/wp-json\/wp\/v2\/tags?post=83820"}],"curies":[{"name":"wp","href":"https:\/\/api.w.org\/{rel}","templated":true}]}}