{"id":83840,"date":"2016-04-06T15:34:56","date_gmt":"2016-04-06T18:34:56","guid":{"rendered":"http:\/\/www.redenoticia.com.br\/noticia\/?p=83840"},"modified":"2016-04-06T15:34:56","modified_gmt":"2016-04-06T18:34:56","slug":"novela-cuidado-com-o-anjo-resumo-0704-ana-julia-acaba-com-esperanca-de-malu","status":"publish","type":"post","link":"https:\/\/migracao.redenoticia.com.br\/noticia\/2016\/novela-cuidado-com-o-anjo-resumo-0704-ana-julia-acaba-com-esperanca-de-malu\/83840","title":{"rendered":"Novela \u201cCuidado com o Anjo\u201d resumo 07\/04: Ana J\u00falia acaba com esperan\u00e7a de Mal\u00fa"},"content":{"rendered":"<p> <img loading=\"lazy\" decoding=\"async\" src=\"https:\/\/migracao.redenoticia.com.br\/noticia\/imagens\/cuidado-com-o-anjo-novela-resumo-capitulo-sbt-episodio-150x112.jpg\" alt=\"cuidado com o anjo novela resumo capitulo sbt episodio\" width=\"150\" height=\"112\" class=\"alignleft size-thumbnail wp-image-82049\" srcset=\"https:\/\/migracao.redenoticia.com.br\/noticia\/imagens\/cuidado-com-o-anjo-novela-resumo-capitulo-sbt-episodio-150x112.jpg 150w, https:\/\/migracao.redenoticia.com.br\/noticia\/imagens\/cuidado-com-o-anjo-novela-resumo-capitulo-sbt-episodio-265x198.jpg 265w\" sizes=\"auto, (max-width: 150px) 100vw, 150px\" \/><strong><em>Novela \u201cCuidado com o Anjo\u201d resumo 07\/04<\/em><\/strong>: ap\u00f3s o acidente, Jo\u00e3o Miguel est\u00e1 angustiado a espera por not\u00edcias de Mal\u00fa. Jo\u00e3o Miguel se culpa por ter destru\u00eddo a vida de seu amor e sofre ao pensar que ela o odiar\u00e1 para sempre. Mal\u00fa recupera a consci\u00eancia e diz a Candel\u00e1ria que n\u00e3o acredita em sua melhora. O m\u00e9dico fala a Patr\u00edcio que as chances de que sua filha volte a enxergar s\u00e3o quase nulas. Mal\u00fa pergunta ao pai se poder\u00e1 recuperar a vis\u00e3o, ele mente para a filha e afirma que a garota ir\u00e1 se curar. Ana J\u00falia acaba com as esperan\u00e7as de Mal\u00fa, ao afirmar que ela vai ficar cega para sempre. Mal\u00fa chora desesperadamente ao saber da verdade.<\/p>\n<p>No capitulo 094(*), novela \u201cCuidado com o Anjo\u201d, quinta-feira, 07 de abril \u2013 Enquanto Jo\u00e3o Miguel espera angustiado por not\u00edcias, o m\u00e9dico fala a Patr\u00edcio que as chances de que sua filha volte a enxergar s\u00e3o quase nulas. Mergulhada em sua loucura, Estef\u00e2nia tem lembran\u00e7as de seu julgamento e de sua pris\u00e3o. Patr\u00edcio e Cec\u00edlia se desesperam com o futuro da filha. Jo\u00e3o Miguel se culpa por ter destru\u00eddo a vida de Mal\u00fa e sofre ao pensar que ela o odiar\u00e1 para sempre. <\/p>\n<p>Mal\u00fa recupera a consci\u00eancia e diz a Candel\u00e1ria que n\u00e3o acredita em sua melhora. Ana J\u00falia conta a Jo\u00e3o Miguel que Mal\u00fa lhe disse v\u00e1rias vezes que j\u00e1 n\u00e3o o ama e o aconselha a se afastar da vida dela para sempre. Rosa telefona para Of\u00e9lia e, chorando, diz que seu relacionamento com Vicente est\u00e1 cada vez pior. Jo\u00e3o Miguel pede ajuda a Ana J\u00falia para falar por alguns minutos com Mal\u00fa. Patr\u00edcio informa a Ana J\u00falia que provavelmente sua filha ficar\u00e1 cega para sempre, pois a cirurgia seria de alto risco e os m\u00e9dicos n\u00e3o se atrevem a oper\u00e1-la. Ana J\u00falia sorri dissimuladamente. <\/p>\n<p>Mal\u00fa pergunta ao pai se poder\u00e1 recuperar a vis\u00e3o, ele mente para a filha e afirma que a garota ir\u00e1 se curar, mas Ana J\u00falia acaba com suas esperan\u00e7as ao afirmar que vai ficar cega para sempre. Patr\u00edcio n\u00e3o se conforma com a situa\u00e7\u00e3o e est\u00e1 decidido a levar a filha aos melhores especialistas. Mal\u00fa chora desesperadamente ao saber da verdade. <\/p>\n<p>(*) edi\u00e7\u00e3o do SBT, Novela \u201cCuidado com o Anjo\u201d, sujeito a altera\u00e7\u00e3o de data e conte\u00fado.<\/p>\n","protected":false},"excerpt":{"rendered":"<p>Novela \u201cCuidado com o Anjo\u201d resumo 07\/04: ap\u00f3s o acidente, Jo\u00e3o Miguel est\u00e1 angustiado a espera por not\u00edcias de Mal\u00fa. Jo\u00e3o Miguel se culpa por ter destru\u00eddo a vida de seu amor e sofre ao pensar que ela o odiar\u00e1 para sempre. Mal\u00fa recupera a consci\u00eancia e diz a Candel\u00e1ria que n\u00e3o acredita em sua [&hellip;]<\/p>\n","protected":false},"author":2,"featured_media":82049,"comment_status":"open","ping_status":"closed","sticky":false,"template":"","format":"standard","meta":{"tdm_status":"","tdm_grid_status":"","footnotes":""},"categories":[379,372,343],"tags":[441],"class_list":{"0":"post-83840","1":"post","2":"type-post","3":"status-publish","4":"format-standard","5":"has-post-thumbnail","7":"category-novelas","8":"category-sbt","9":"category-televisao","10":"tag-resumo-do-dia"},"_links":{"self":[{"href":"https:\/\/migracao.redenoticia.com.br\/noticia\/wp-json\/wp\/v2\/posts\/83840","targetHints":{"allow":["GET"]}}],"collection":[{"href":"https:\/\/migracao.redenoticia.com.br\/noticia\/wp-json\/wp\/v2\/posts"}],"about":[{"href":"https:\/\/migracao.redenoticia.com.br\/noticia\/wp-json\/wp\/v2\/types\/post"}],"author":[{"embeddable":true,"href":"https:\/\/migracao.redenoticia.com.br\/noticia\/wp-json\/wp\/v2\/users\/2"}],"replies":[{"embeddable":true,"href":"https:\/\/migracao.redenoticia.com.br\/noticia\/wp-json\/wp\/v2\/comments?post=83840"}],"version-history":[{"count":0,"href":"https:\/\/migracao.redenoticia.com.br\/noticia\/wp-json\/wp\/v2\/posts\/83840\/revisions"}],"wp:featuredmedia":[{"embeddable":true,"href":"https:\/\/migracao.redenoticia.com.br\/noticia\/wp-json\/wp\/v2\/media\/82049"}],"wp:attachment":[{"href":"https:\/\/migracao.redenoticia.com.br\/noticia\/wp-json\/wp\/v2\/media?parent=83840"}],"wp:term":[{"taxonomy":"category","embeddable":true,"href":"https:\/\/migracao.redenoticia.com.br\/noticia\/wp-json\/wp\/v2\/categories?post=83840"},{"taxonomy":"post_tag","embeddable":true,"href":"https:\/\/migracao.redenoticia.com.br\/noticia\/wp-json\/wp\/v2\/tags?post=83840"}],"curies":[{"name":"wp","href":"https:\/\/api.w.org\/{rel}","templated":true}]}}