{"id":83854,"date":"2016-04-06T18:45:22","date_gmt":"2016-04-06T21:45:22","guid":{"rendered":"http:\/\/www.redenoticia.com.br\/noticia\/?p=83854"},"modified":"2016-04-06T15:46:44","modified_gmt":"2016-04-06T18:46:44","slug":"novela-meu-coracao-e-teu-resumo-0704-nicolas-descobre-segredo-de-ana","status":"publish","type":"post","link":"https:\/\/migracao.redenoticia.com.br\/noticia\/2016\/novela-meu-coracao-e-teu-resumo-0704-nicolas-descobre-segredo-de-ana\/83854","title":{"rendered":"Novela \u201cMeu Cora\u00e7\u00e3o \u00e9 Teu\u201d resumo 07\/04: Nicolas descobre segredo de Ana"},"content":{"rendered":"<p> <img loading=\"lazy\" decoding=\"async\" src=\"https:\/\/migracao.redenoticia.com.br\/noticia\/imagens\/meu_coracao_e_teu_novela_resumo_sbt-150x112.jpg\" alt=\"meu_coracao_e_teu_novela_resumo_sbt\" width=\"150\" height=\"112\" class=\"alignleft size-thumbnail wp-image-82119\" srcset=\"https:\/\/migracao.redenoticia.com.br\/noticia\/imagens\/meu_coracao_e_teu_novela_resumo_sbt-150x112.jpg 150w, https:\/\/migracao.redenoticia.com.br\/noticia\/imagens\/meu_coracao_e_teu_novela_resumo_sbt-265x198.jpg 265w\" sizes=\"auto, (max-width: 150px) 100vw, 150px\" \/><strong><em>Novela \u201cMeu Cora\u00e7\u00e3o \u00e9 Teu\u201d resumo 07\/04<\/em><\/strong>: por causa de suas d\u00edvidas, Ana se apresenta no Chicago e Nicolas a v\u00ea. Ele fica surpreso e Jennifer explica que Ana tem esse segredo guardado, mas n\u00e3o pode perder seu trabalho e as crian\u00e7as. Ana fala a Diego que n\u00e3o quer que ele a ajude com suas d\u00edvidas. Ao ouvir as palavras de Ana, Diego cria a ilus\u00e3o de que possa se aproximar mais de Ana e namor\u00e1-la. J\u00e1 em casa, Ana diz a Bruno que n\u00e3o sabe se aguenta viver na mesma casa que Isabela e Yolanda.<\/p>\n<p>No cap\u00edtulo 029 (*), novela \u201cMeu Cora\u00e7\u00e3o \u00e9 Teu\u201d, quinta-feira, 07 de abril \u2013 No \u201cChicago\u201d, Ana fica sem op\u00e7\u00e3o, e acaba se apresentando no palco de cara limpa, inclusive, agradece Nicolas por estar ali. Ele fica muito surpreso, mas Jennifer o explica que Ana tinha esse segredo guardado a sete chaves e n\u00e3o pode perder seu trabalho e as crian\u00e7as. Ana diz a Diego que n\u00e3o quer que ele a ajude com suas d\u00edvidas, pois caso nada d\u00ea certo entre eles, ele pode se iludir. <\/p>\n<p>Ao ouvir isso, Diego cria a ilus\u00e3o de que ela possa, enfim, aceitar tentar algo com ele. Fanny diz a Ana e Diego que n\u00e3o entende o que ocorre com Leon. Leon diz a T\u00e2mara que ela n\u00e3o pode chegar de uma hora pra outra e dizer que o ama e est\u00e1 arrependida de ter sumido. Fanny chega \u00e0 casa de Margarida para averiguar o que est\u00e1 acontecendo com Leon e v\u00ea uma fotografia de Mauricio. Ana diz a Bruno que n\u00e3o sabe se vai aguentar viver na mesma casa que Isabela e Yolanda. <\/p>\n<p>Margarida diz a Leon que ele precisa dizer a verdade a Fanny. Ana fala com a diretora do col\u00e9gio das crian\u00e7as e descobre que Sebasti\u00e3o reprovou em cinco mat\u00e9rias. Leon confessa a Beatriz a exist\u00eancia de T\u00e2mara e chora com a possibilidade de perder Fanny. Bruno passa por v\u00e1rios problemas com a presen\u00e7a de Yolanda na mans\u00e3o. Ana fala com Fernando, mas eles acabam discutindo pelo telefone. Ela desliga sem dizer o que est\u00e1 acontecendo com Sebasti\u00e3o.  <\/p>\n<p>(*) edi\u00e7\u00e3o do SBT, Novela \u201cMeu Cora\u00e7\u00e3o \u00e9 Teu\u201d, sujeito a altera\u00e7\u00e3o de data e conte\u00fado.<\/p>\n","protected":false},"excerpt":{"rendered":"<p>Novela \u201cMeu Cora\u00e7\u00e3o \u00e9 Teu\u201d resumo 07\/04: por causa de suas d\u00edvidas, Ana se apresenta no Chicago e Nicolas a v\u00ea. Ele fica surpreso e Jennifer explica que Ana tem esse segredo guardado, mas n\u00e3o pode perder seu trabalho e as crian\u00e7as. Ana fala a Diego que n\u00e3o quer que ele a ajude com suas [&hellip;]<\/p>\n","protected":false},"author":2,"featured_media":82119,"comment_status":"open","ping_status":"closed","sticky":false,"template":"","format":"standard","meta":{"tdm_status":"","tdm_grid_status":"","footnotes":""},"categories":[379,372,343],"tags":[441],"class_list":{"0":"post-83854","1":"post","2":"type-post","3":"status-publish","4":"format-standard","5":"has-post-thumbnail","7":"category-novelas","8":"category-sbt","9":"category-televisao","10":"tag-resumo-do-dia"},"_links":{"self":[{"href":"https:\/\/migracao.redenoticia.com.br\/noticia\/wp-json\/wp\/v2\/posts\/83854","targetHints":{"allow":["GET"]}}],"collection":[{"href":"https:\/\/migracao.redenoticia.com.br\/noticia\/wp-json\/wp\/v2\/posts"}],"about":[{"href":"https:\/\/migracao.redenoticia.com.br\/noticia\/wp-json\/wp\/v2\/types\/post"}],"author":[{"embeddable":true,"href":"https:\/\/migracao.redenoticia.com.br\/noticia\/wp-json\/wp\/v2\/users\/2"}],"replies":[{"embeddable":true,"href":"https:\/\/migracao.redenoticia.com.br\/noticia\/wp-json\/wp\/v2\/comments?post=83854"}],"version-history":[{"count":0,"href":"https:\/\/migracao.redenoticia.com.br\/noticia\/wp-json\/wp\/v2\/posts\/83854\/revisions"}],"wp:featuredmedia":[{"embeddable":true,"href":"https:\/\/migracao.redenoticia.com.br\/noticia\/wp-json\/wp\/v2\/media\/82119"}],"wp:attachment":[{"href":"https:\/\/migracao.redenoticia.com.br\/noticia\/wp-json\/wp\/v2\/media?parent=83854"}],"wp:term":[{"taxonomy":"category","embeddable":true,"href":"https:\/\/migracao.redenoticia.com.br\/noticia\/wp-json\/wp\/v2\/categories?post=83854"},{"taxonomy":"post_tag","embeddable":true,"href":"https:\/\/migracao.redenoticia.com.br\/noticia\/wp-json\/wp\/v2\/tags?post=83854"}],"curies":[{"name":"wp","href":"https:\/\/api.w.org\/{rel}","templated":true}]}}