{"id":83860,"date":"2016-04-06T19:54:12","date_gmt":"2016-04-06T22:54:12","guid":{"rendered":"http:\/\/www.redenoticia.com.br\/noticia\/?p=83860"},"modified":"2016-04-06T16:07:07","modified_gmt":"2016-04-06T19:07:07","slug":"novela-sila-resumo-0704-pais-de-sila-sofrem-acidente","status":"publish","type":"post","link":"https:\/\/migracao.redenoticia.com.br\/noticia\/2016\/novela-sila-resumo-0704-pais-de-sila-sofrem-acidente\/83860","title":{"rendered":"Novela \u201cSila\u201d resumo 07\/04: pais de Sila sofrem acidente"},"content":{"rendered":"<p> <img loading=\"lazy\" decoding=\"async\" src=\"https:\/\/migracao.redenoticia.com.br\/noticia\/imagens\/sila_band_novela_resumo_capitulo-150x112.jpg\" alt=\"sila_band_novela_resumo_capitulo\" width=\"150\" height=\"112\" class=\"alignleft size-thumbnail wp-image-83098\" srcset=\"https:\/\/migracao.redenoticia.com.br\/noticia\/imagens\/sila_band_novela_resumo_capitulo-150x112.jpg 150w, https:\/\/migracao.redenoticia.com.br\/noticia\/imagens\/sila_band_novela_resumo_capitulo-265x198.jpg 265w\" sizes=\"auto, (max-width: 150px) 100vw, 150px\" \/><strong><em> Novela \u201cSila\u201d resumo 07\/04<\/em><\/strong>: Sila continua com vontade de voltar para casa, mas percebe que, se fugir, seu irm\u00e3o morre. Seus pais adotivos a procuram. Sila conta que n\u00e3o pode ir embora com eles porque est\u00e1 casada. Enquanto est\u00e3o voltando para Istambul, os dois elaboram um plano para resgatar a filha adotiva, por\u00e9m acabam sofrendo um acidente de carro.<\/p>\n<p>No capitulo 009 (*), novela \u201cSila\u201d, quinta-feira, 07 de abril \u2013 Bedar enfrenta o marido para defender os filhos. Como j\u00e1 a encontraram, n\u00e3o \u00e9 mais necess\u00e1rio que Azad e Narin morram por romper a tradi\u00e7\u00e3o. Sila desce do carro e volta a fugir. Cihan tenta atirar para det\u00ea-la, mas Azad fica na frente e \u00e9 baleado. J\u00e1 em casa, Sila se nega a receber as ordens de sua sogra, por exemplo, n\u00e3o quer se vestir com a roupa que lhe indica, por isso \u00e9 castigada.<\/p>\n<p> Boran obriga Sila a seguir as regras do cl\u00e3. O casal dorme em camas separadas. Azad omite informa\u00e7\u00f5es da pol\u00edcia sobre o acidente que sofreu. Sila \u00e9 agredida pela sogra. Os pais de Sila chegam a Mardin e tentam resgat\u00e1-la. <\/p>\n<p>Os pais de Sila v\u00e3o procur\u00e1-la e ela conta que n\u00e3o pode ir embora com eles porque est\u00e1 casada. Enquanto est\u00e3o voltando para Istambul, os dois elaboram um plano para resgatar a filha adotiva, por\u00e9m acabam sofrendo um acidente de carro.  <\/p>\n<p>(*) edi\u00e7\u00e3o da Band, Novela \u201cSila\u201d, sujeito a altera\u00e7\u00e3o de data e conte\u00fado. <\/p>\n","protected":false},"excerpt":{"rendered":"<p>Novela \u201cSila\u201d resumo 07\/04: Sila continua com vontade de voltar para casa, mas percebe que, se fugir, seu irm\u00e3o morre. Seus pais adotivos a procuram. Sila conta que n\u00e3o pode ir embora com eles porque est\u00e1 casada. Enquanto est\u00e3o voltando para Istambul, os dois elaboram um plano para resgatar a filha adotiva, por\u00e9m acabam sofrendo [&hellip;]<\/p>\n","protected":false},"author":2,"featured_media":83098,"comment_status":"open","ping_status":"closed","sticky":false,"template":"","format":"standard","meta":{"tdm_status":"","tdm_grid_status":"","footnotes":""},"categories":[390,379,343],"tags":[441],"class_list":{"0":"post-83860","1":"post","2":"type-post","3":"status-publish","4":"format-standard","5":"has-post-thumbnail","7":"category-band","8":"category-novelas","9":"category-televisao","10":"tag-resumo-do-dia"},"_links":{"self":[{"href":"https:\/\/migracao.redenoticia.com.br\/noticia\/wp-json\/wp\/v2\/posts\/83860","targetHints":{"allow":["GET"]}}],"collection":[{"href":"https:\/\/migracao.redenoticia.com.br\/noticia\/wp-json\/wp\/v2\/posts"}],"about":[{"href":"https:\/\/migracao.redenoticia.com.br\/noticia\/wp-json\/wp\/v2\/types\/post"}],"author":[{"embeddable":true,"href":"https:\/\/migracao.redenoticia.com.br\/noticia\/wp-json\/wp\/v2\/users\/2"}],"replies":[{"embeddable":true,"href":"https:\/\/migracao.redenoticia.com.br\/noticia\/wp-json\/wp\/v2\/comments?post=83860"}],"version-history":[{"count":0,"href":"https:\/\/migracao.redenoticia.com.br\/noticia\/wp-json\/wp\/v2\/posts\/83860\/revisions"}],"wp:featuredmedia":[{"embeddable":true,"href":"https:\/\/migracao.redenoticia.com.br\/noticia\/wp-json\/wp\/v2\/media\/83098"}],"wp:attachment":[{"href":"https:\/\/migracao.redenoticia.com.br\/noticia\/wp-json\/wp\/v2\/media?parent=83860"}],"wp:term":[{"taxonomy":"category","embeddable":true,"href":"https:\/\/migracao.redenoticia.com.br\/noticia\/wp-json\/wp\/v2\/categories?post=83860"},{"taxonomy":"post_tag","embeddable":true,"href":"https:\/\/migracao.redenoticia.com.br\/noticia\/wp-json\/wp\/v2\/tags?post=83860"}],"curies":[{"name":"wp","href":"https:\/\/api.w.org\/{rel}","templated":true}]}}