{"id":83879,"date":"2016-04-07T21:46:08","date_gmt":"2016-04-08T00:46:08","guid":{"rendered":"http:\/\/www.redenoticia.com.br\/noticia\/?p=83879"},"modified":"2016-04-07T15:14:38","modified_gmt":"2016-04-07T18:14:38","slug":"novela-velho-chico-resumo-0804-tereza-se-casa-com-carlos-eduardo","status":"publish","type":"post","link":"https:\/\/migracao.redenoticia.com.br\/noticia\/2016\/novela-velho-chico-resumo-0804-tereza-se-casa-com-carlos-eduardo\/83879","title":{"rendered":"Novela \u201cVelho Chico\u201d resumo 08\/04: Tereza se casa com Carlos Eduardo"},"content":{"rendered":"<p> <img loading=\"lazy\" decoding=\"async\" class=\"alignleft size-thumbnail wp-image-82169\" src=\"https:\/\/migracao.redenoticia.com.br\/noticia\/imagens\/velho_chico_novela_resumo_globo-150x112.jpg\" alt=\"velho_chico_novela_resumo_globo\" width=\"150\" height=\"112\" srcset=\"https:\/\/migracao.redenoticia.com.br\/noticia\/imagens\/velho_chico_novela_resumo_globo-150x112.jpg 150w, https:\/\/migracao.redenoticia.com.br\/noticia\/imagens\/velho_chico_novela_resumo_globo-265x198.jpg 265w\" sizes=\"auto, (max-width: 150px) 100vw, 150px\" \/><strong><em>Novela \u201cVelho Chico\u201d resumo 08\/04<\/em><\/strong>: Luzia revela a Santo que Tereza vai se casar. No dia da cerim\u00f4nia, Santo aparece no local e Tereza, ao v\u00ea-lo, pensa em correr atr\u00e1s de seu amor. Afr\u00e2nio percebe a agonia da filha e impede a fuga. Tereza se casa com Carlos Eduardo, para desespero de Santo. Depois de morar em Salvador por vinte e oito anos, o casal resolve voltar para Brotas de S\u00e3o Francisco. Doninha comemora.<\/p>\n<p>No capitulo 023 (*), novela \u201cVelho Chico\u201d, sexta-feira, 08 de abril \u2013 Tereza se casa com Carlos Eduardo, para desespero de Santo. Passam-se 28 anos. Todos se preparam para a festa de cem anos de Encarna\u00e7\u00e3o. Carlos Eduardo anuncia que voltar\u00e1 a morar com Tereza na fazenda. <\/p>\n<p>Carlos Eduardo pede ajuda a Afr\u00e2nio para lan\u00e7ar sua candidatura ao governo do estado. Encarna\u00e7\u00e3o sofre com a aus\u00eancia de Martim. Doninha comemora a not\u00edcia da volta de Tereza. <\/p>\n<p>C\u00edcero desabafa com Doninha sobre Tereza e Carlos Eduardo. Tereza dan\u00e7a com os empregados e Afr\u00e2nio alerta o genro. Tereza acredita ter visto Santo.<\/p>\n<p>(*) edi\u00e7\u00e3o da Rede Globo, Novela \u201cVelho Chico\u201d, sujeito a altera\u00e7\u00e3o de data e conte\u00fado. <\/p>\n","protected":false},"excerpt":{"rendered":"<p>Novela \u201cVelho Chico\u201d resumo 08\/04: Luzia revela a Santo que Tereza vai se casar. No dia da cerim\u00f4nia, Santo aparece no local e Tereza, ao v\u00ea-lo, pensa em correr atr\u00e1s de seu amor. Afr\u00e2nio percebe a agonia da filha e impede a fuga. Tereza se casa com Carlos Eduardo, para desespero de Santo. Depois de [&hellip;]<\/p>\n","protected":false},"author":2,"featured_media":82169,"comment_status":"open","ping_status":"closed","sticky":false,"template":"","format":"standard","meta":{"tdm_status":"","tdm_grid_status":"","footnotes":""},"categories":[379,375,343],"tags":[441],"class_list":{"0":"post-83879","1":"post","2":"type-post","3":"status-publish","4":"format-standard","5":"has-post-thumbnail","7":"category-novelas","8":"category-rede-globo","9":"category-televisao","10":"tag-resumo-do-dia"},"_links":{"self":[{"href":"https:\/\/migracao.redenoticia.com.br\/noticia\/wp-json\/wp\/v2\/posts\/83879","targetHints":{"allow":["GET"]}}],"collection":[{"href":"https:\/\/migracao.redenoticia.com.br\/noticia\/wp-json\/wp\/v2\/posts"}],"about":[{"href":"https:\/\/migracao.redenoticia.com.br\/noticia\/wp-json\/wp\/v2\/types\/post"}],"author":[{"embeddable":true,"href":"https:\/\/migracao.redenoticia.com.br\/noticia\/wp-json\/wp\/v2\/users\/2"}],"replies":[{"embeddable":true,"href":"https:\/\/migracao.redenoticia.com.br\/noticia\/wp-json\/wp\/v2\/comments?post=83879"}],"version-history":[{"count":0,"href":"https:\/\/migracao.redenoticia.com.br\/noticia\/wp-json\/wp\/v2\/posts\/83879\/revisions"}],"wp:featuredmedia":[{"embeddable":true,"href":"https:\/\/migracao.redenoticia.com.br\/noticia\/wp-json\/wp\/v2\/media\/82169"}],"wp:attachment":[{"href":"https:\/\/migracao.redenoticia.com.br\/noticia\/wp-json\/wp\/v2\/media?parent=83879"}],"wp:term":[{"taxonomy":"category","embeddable":true,"href":"https:\/\/migracao.redenoticia.com.br\/noticia\/wp-json\/wp\/v2\/categories?post=83879"},{"taxonomy":"post_tag","embeddable":true,"href":"https:\/\/migracao.redenoticia.com.br\/noticia\/wp-json\/wp\/v2\/tags?post=83879"}],"curies":[{"name":"wp","href":"https:\/\/api.w.org\/{rel}","templated":true}]}}