{"id":83914,"date":"2016-04-07T14:50:44","date_gmt":"2016-04-07T17:50:44","guid":{"rendered":"http:\/\/www.redenoticia.com.br\/noticia\/?p=83914"},"modified":"2016-04-07T14:50:44","modified_gmt":"2016-04-07T17:50:44","slug":"novela-cuidado-com-o-anjo-resumo-0804-joao-miguel-invade-quarto-de-malu","status":"publish","type":"post","link":"https:\/\/migracao.redenoticia.com.br\/noticia\/2016\/novela-cuidado-com-o-anjo-resumo-0804-joao-miguel-invade-quarto-de-malu\/83914","title":{"rendered":"Novela \u201cCuidado com o Anjo\u201d resumo 08\/04: Jo\u00e3o Miguel invade quarto de Mal\u00fa"},"content":{"rendered":"<p> <img loading=\"lazy\" decoding=\"async\" src=\"https:\/\/migracao.redenoticia.com.br\/noticia\/imagens\/cuidado-com-o-anjo-novela-resumo-capitulo-sbt-episodio-150x112.jpg\" alt=\"cuidado com o anjo novela resumo capitulo sbt episodio\" width=\"150\" height=\"112\" class=\"alignleft size-thumbnail wp-image-82049\" srcset=\"https:\/\/migracao.redenoticia.com.br\/noticia\/imagens\/cuidado-com-o-anjo-novela-resumo-capitulo-sbt-episodio-150x112.jpg 150w, https:\/\/migracao.redenoticia.com.br\/noticia\/imagens\/cuidado-com-o-anjo-novela-resumo-capitulo-sbt-episodio-265x198.jpg 265w\" sizes=\"auto, (max-width: 150px) 100vw, 150px\" \/><strong><em>Novela \u201cCuidado com o Anjo\u201d resumo 08\/04<\/em><\/strong>: depois que a maquiav\u00e9lica da Ana J\u00falia diz a Mal\u00fa que nem com cirurgia ela vai voltar a enxergar, Mal\u00fa tem uma crise nervosa e chora muito. Acreditando que Ana J\u00falia \u00e9 sua amiga, Mal\u00fa confessa que odeia Jo\u00e3o Miguel e o incrimina por tudo que lhe aconteceu. Mais tarde. Jo\u00e3o Miguel consegue entrar no quarto de Mal\u00fa. Ele volta a dizer que a ama, mas ela n\u00e3o acredita, fala que o odeia e o expulsa do quarto. Jo\u00e3o Miguel se recusa a sair, lhe d\u00e1 um beijo e Mal\u00fa corresponde.<\/p>\n<p>No capitulo 095(*), novela \u201cCuidado com o Anjo\u201d, sexta-feira, 08 de abril \u2013 Maquiav\u00e9lica, Ana J\u00falia diz a Mal\u00fa que nem com a cirurgia poder\u00e1 recuperar a vis\u00e3o, culpa Jo\u00e3o Miguel pelo golpe que a menina sofreu e pede que n\u00e3o comente com ningu\u00e9m que lhe disse a verdade. Mal\u00fa tem uma crise nervosa e chora copiosamente por que nunca voltar\u00e1 a ver seu filho. <\/p>\n<p>O m\u00e9dico diz a Patr\u00edcio e Cec\u00edlia que a crise nervosa pode ser decorrente de uma depress\u00e3o ou agita\u00e7\u00e3o extrema por causa do acidente. Ana J\u00falia est\u00e1 convencida que Jo\u00e3o Miguel deixar\u00e1 de amar Mal\u00fa por causa de sua cegueira e planeja conquist\u00e1-lo. Acreditando que Ana J\u00falia \u00e9 sua amiga, Mal\u00fa confessa que odeia Jo\u00e3o Miguel e o incrimina por tudo que lhe aconteceu. <\/p>\n<p>Rosa e Vicente tentam uma reconcilia\u00e7\u00e3o. Para ganhar sua confian\u00e7a Ana J\u00falia ajuda Jo\u00e3o Miguel a entrar no quarto de Mal\u00fa. Ele volta a dizer que a ama, mas ela n\u00e3o acredita, fala que o odeia e o expulsa do quarto. O rapaz se recusa a sair, lhe d\u00e1 um beijo e Mal\u00fa corresponde. Ana J\u00falia tenta, em v\u00e3o, impedir que Patr\u00edcio entre no quarto da filha e ele flagra os dois se beijando. <\/p>\n<p>(*) edi\u00e7\u00e3o do SBT, Novela \u201cCuidado com o Anjo\u201d, sujeito a altera\u00e7\u00e3o de data e conte\u00fado.<\/p>\n","protected":false},"excerpt":{"rendered":"<p>Novela \u201cCuidado com o Anjo\u201d resumo 08\/04: depois que a maquiav\u00e9lica da Ana J\u00falia diz a Mal\u00fa que nem com cirurgia ela vai voltar a enxergar, Mal\u00fa tem uma crise nervosa e chora muito. Acreditando que Ana J\u00falia \u00e9 sua amiga, Mal\u00fa confessa que odeia Jo\u00e3o Miguel e o incrimina por tudo que lhe aconteceu. [&hellip;]<\/p>\n","protected":false},"author":2,"featured_media":82049,"comment_status":"open","ping_status":"closed","sticky":false,"template":"","format":"standard","meta":{"tdm_status":"","tdm_grid_status":"","footnotes":""},"categories":[379,372,343],"tags":[441],"class_list":{"0":"post-83914","1":"post","2":"type-post","3":"status-publish","4":"format-standard","5":"has-post-thumbnail","7":"category-novelas","8":"category-sbt","9":"category-televisao","10":"tag-resumo-do-dia"},"_links":{"self":[{"href":"https:\/\/migracao.redenoticia.com.br\/noticia\/wp-json\/wp\/v2\/posts\/83914","targetHints":{"allow":["GET"]}}],"collection":[{"href":"https:\/\/migracao.redenoticia.com.br\/noticia\/wp-json\/wp\/v2\/posts"}],"about":[{"href":"https:\/\/migracao.redenoticia.com.br\/noticia\/wp-json\/wp\/v2\/types\/post"}],"author":[{"embeddable":true,"href":"https:\/\/migracao.redenoticia.com.br\/noticia\/wp-json\/wp\/v2\/users\/2"}],"replies":[{"embeddable":true,"href":"https:\/\/migracao.redenoticia.com.br\/noticia\/wp-json\/wp\/v2\/comments?post=83914"}],"version-history":[{"count":0,"href":"https:\/\/migracao.redenoticia.com.br\/noticia\/wp-json\/wp\/v2\/posts\/83914\/revisions"}],"wp:featuredmedia":[{"embeddable":true,"href":"https:\/\/migracao.redenoticia.com.br\/noticia\/wp-json\/wp\/v2\/media\/82049"}],"wp:attachment":[{"href":"https:\/\/migracao.redenoticia.com.br\/noticia\/wp-json\/wp\/v2\/media?parent=83914"}],"wp:term":[{"taxonomy":"category","embeddable":true,"href":"https:\/\/migracao.redenoticia.com.br\/noticia\/wp-json\/wp\/v2\/categories?post=83914"},{"taxonomy":"post_tag","embeddable":true,"href":"https:\/\/migracao.redenoticia.com.br\/noticia\/wp-json\/wp\/v2\/tags?post=83914"}],"curies":[{"name":"wp","href":"https:\/\/api.w.org\/{rel}","templated":true}]}}