{"id":83924,"date":"2016-04-07T15:00:49","date_gmt":"2016-04-07T18:00:49","guid":{"rendered":"http:\/\/www.redenoticia.com.br\/noticia\/?p=83924"},"modified":"2016-04-07T15:00:49","modified_gmt":"2016-04-07T18:00:49","slug":"novela-anjo-mau-resumo-0804-eduardo-flagra-beijo-de-paula-e-ricardo","status":"publish","type":"post","link":"https:\/\/migracao.redenoticia.com.br\/noticia\/2016\/novela-anjo-mau-resumo-0804-eduardo-flagra-beijo-de-paula-e-ricardo\/83924","title":{"rendered":"Novela \u201cAnjo Mau\u201d resumo 08\/04: Eduardo flagra beijo de Paula e Ricardo"},"content":{"rendered":"<p> <img loading=\"lazy\" decoding=\"async\" class=\"alignleft size-thumbnail wp-image-83094\" src=\"https:\/\/migracao.redenoticia.com.br\/noticia\/imagens\/anjo_mau_novela_resumo-150x112.jpg\" alt=\"anjo_mau_novela_resumo\" width=\"150\" height=\"112\" srcset=\"https:\/\/migracao.redenoticia.com.br\/noticia\/imagens\/anjo_mau_novela_resumo-150x112.jpg 150w, https:\/\/migracao.redenoticia.com.br\/noticia\/imagens\/anjo_mau_novela_resumo-265x198.jpg 265w\" sizes=\"auto, (max-width: 150px) 100vw, 150px\" \/><strong><em>Novela \u201cAnjo Mau\u201d resumo 08\/04<\/em><\/strong>: a sa\u00fade de Eduardo n\u00e3o \u00e9 boa. Eduardo revela a Ciro que est\u00e1 muito doente e d\u00e1 mais poderes para ele. Mais tarde, Eduardo faz Rodrigo prometer que sempre ir\u00e1 proteger e perdoar Ricardo. Depois ele fala com Ricardo e o faz prometer que jamais vai magoar os seus irm\u00e3os. Eduardo sente-se mal. Nice avisa Rodrigo que o pai dele n\u00e3o est\u00e1 bem. Eduardo resolve caminhar e v\u00ea Paula e Ricardo se beijando. Eduardo coloca a m\u00e3o no cora\u00e7\u00e3o e cai.<\/p>\n<p>No capitulo 089(*), novela \u201cAnjo Mau\u201d, sexta-feira, 08 de abril \u2013 Nice guarda o bilhete no bolso. Rui oferece dinheiro a Elisinha. Rodrigo vai jantar fora. Nice n\u00e3o gosta. Ciro enfrenta Rui e afirma que n\u00e3o ir\u00e1 facilitar a entrada dele nas empresas de Eduardo.<\/p>\n<p> Eduardo faz Ricardo prometer que jamais ir\u00e1 magoar seus irm\u00e3os. Luis Carlos vai \u00e0 f\u00e1brica consertar o carro de Tadeu e Simone vai junto. Eduardo sente-se mal. Augusto apresenta Simone a Tadeu. <\/p>\n<p>Nice telefona para Rodrigo e avisa que o pai dele n\u00e3o est\u00e1 bem. Eduardo vai caminhar e v\u00ea Paula e Ricardo se beijando na sala de gin\u00e1stica. O velho bota a m\u00e3o no cora\u00e7\u00e3o e cai. <\/p>\n<p>(*) edi\u00e7\u00e3o da Rede Globo, Novela \u201cAnjo Mau\u201d, sujeito a altera\u00e7\u00e3o de data e conte\u00fado.<\/p>\n","protected":false},"excerpt":{"rendered":"<p>Novela \u201cAnjo Mau\u201d resumo 08\/04: a sa\u00fade de Eduardo n\u00e3o \u00e9 boa. Eduardo revela a Ciro que est\u00e1 muito doente e d\u00e1 mais poderes para ele. Mais tarde, Eduardo faz Rodrigo prometer que sempre ir\u00e1 proteger e perdoar Ricardo. Depois ele fala com Ricardo e o faz prometer que jamais vai magoar os seus irm\u00e3os. [&hellip;]<\/p>\n","protected":false},"author":2,"featured_media":83094,"comment_status":"open","ping_status":"closed","sticky":false,"template":"","format":"standard","meta":{"tdm_status":"","tdm_grid_status":"","footnotes":""},"categories":[379,375,343],"tags":[441],"class_list":{"0":"post-83924","1":"post","2":"type-post","3":"status-publish","4":"format-standard","5":"has-post-thumbnail","7":"category-novelas","8":"category-rede-globo","9":"category-televisao","10":"tag-resumo-do-dia"},"_links":{"self":[{"href":"https:\/\/migracao.redenoticia.com.br\/noticia\/wp-json\/wp\/v2\/posts\/83924","targetHints":{"allow":["GET"]}}],"collection":[{"href":"https:\/\/migracao.redenoticia.com.br\/noticia\/wp-json\/wp\/v2\/posts"}],"about":[{"href":"https:\/\/migracao.redenoticia.com.br\/noticia\/wp-json\/wp\/v2\/types\/post"}],"author":[{"embeddable":true,"href":"https:\/\/migracao.redenoticia.com.br\/noticia\/wp-json\/wp\/v2\/users\/2"}],"replies":[{"embeddable":true,"href":"https:\/\/migracao.redenoticia.com.br\/noticia\/wp-json\/wp\/v2\/comments?post=83924"}],"version-history":[{"count":0,"href":"https:\/\/migracao.redenoticia.com.br\/noticia\/wp-json\/wp\/v2\/posts\/83924\/revisions"}],"wp:featuredmedia":[{"embeddable":true,"href":"https:\/\/migracao.redenoticia.com.br\/noticia\/wp-json\/wp\/v2\/media\/83094"}],"wp:attachment":[{"href":"https:\/\/migracao.redenoticia.com.br\/noticia\/wp-json\/wp\/v2\/media?parent=83924"}],"wp:term":[{"taxonomy":"category","embeddable":true,"href":"https:\/\/migracao.redenoticia.com.br\/noticia\/wp-json\/wp\/v2\/categories?post=83924"},{"taxonomy":"post_tag","embeddable":true,"href":"https:\/\/migracao.redenoticia.com.br\/noticia\/wp-json\/wp\/v2\/tags?post=83924"}],"curies":[{"name":"wp","href":"https:\/\/api.w.org\/{rel}","templated":true}]}}