{"id":83928,"date":"2016-04-07T18:02:59","date_gmt":"2016-04-07T21:02:59","guid":{"rendered":"http:\/\/www.redenoticia.com.br\/noticia\/?p=83928"},"modified":"2016-04-07T15:04:57","modified_gmt":"2016-04-07T18:04:57","slug":"novela-meu-coracao-e-teu-resumo-0804-fernando-impede-beijo-de-ana-e-diego","status":"publish","type":"post","link":"https:\/\/migracao.redenoticia.com.br\/noticia\/2016\/novela-meu-coracao-e-teu-resumo-0804-fernando-impede-beijo-de-ana-e-diego\/83928","title":{"rendered":"Novela \u201cMeu Cora\u00e7\u00e3o \u00e9 Teu\u201d resumo 08\/04: Fernando impede beijo de Ana e Diego"},"content":{"rendered":"<p> <img loading=\"lazy\" decoding=\"async\" src=\"https:\/\/migracao.redenoticia.com.br\/noticia\/imagens\/meu_coracao_e_teu_novela_resumo_sbt-150x112.jpg\" alt=\"meu_coracao_e_teu_novela_resumo_sbt\" width=\"150\" height=\"112\" class=\"alignleft size-thumbnail wp-image-82119\" srcset=\"https:\/\/migracao.redenoticia.com.br\/noticia\/imagens\/meu_coracao_e_teu_novela_resumo_sbt-150x112.jpg 150w, https:\/\/migracao.redenoticia.com.br\/noticia\/imagens\/meu_coracao_e_teu_novela_resumo_sbt-265x198.jpg 265w\" sizes=\"auto, (max-width: 150px) 100vw, 150px\" \/><strong><em>Novela \u201cMeu Cora\u00e7\u00e3o \u00e9 Teu\u201d resumo 08\/04<\/em><\/strong>: Diego confessa a Ana que est\u00e1 totalmente apaixonado por ela. Ana diz que seu cora\u00e7\u00e3o est\u00e1 em peda\u00e7os, por isso, ela precisa de um tempo para pensar mais sobre o assunto. Dias depois, Ana confessa a Fanny que est\u00e1 come\u00e7ando a gostar de Diego. Fernando procura Ana para falar sobre o relacionamento de seu irm\u00e3o com ela. Ana diz que Fernando perdeu qualquer direito de question\u00e1-la em assuntos de vida pessoal, no momento em que se casou. Mais tarde, Fernando v\u00ea que Ana e Diego est\u00e3o quase se beijando. Enciumado, Fernando repreende Ana e a lembra que ela \u00e9 uma empregada, e n\u00e3o deve descuidar de seus filhos. Diego reclama com Fernando pelo que ele disse a Ana. Fernando responde que, dos empregados da mans\u00e3o, cuida ele.<\/p>\n<p>No cap\u00edtulo 030 (*), novela \u201cMeu Cora\u00e7\u00e3o \u00e9 Teu\u201d, sexta-feira, 08 de abril \u2013 Leon diz a T\u00e2mara que ela e Mauricio podem ficar no quarto de pens\u00e3o e que ele ir\u00e1 viver na casa de sua m\u00e3e. Ele pede o div\u00f3rcio e ela nega. Helena diz a Nando que ela \u00e9 bipolar e uma pessoa \u201ct\u00f3xica\u201d, que pode contamin\u00e1-lo. Fernando v\u00ea que Ana e Diego est\u00e3o a ponto de se beijarem. <\/p>\n<p>Ele repreende Ana e a lembra que ela \u00e9 uma empregada e n\u00e3o deve descuidar de seus filhos. Diego reclama com Fernando pelo que ele disse a Ana. Fernando responde que dos empregados da mans\u00e3o, cuida ele. Ana diz a Fernando que ele deveria falar com Nando, pois o rapaz tem problemas. <\/p>\n<p>Nicolas aparece e diz que Helena \u00e9 muito inst\u00e1vel. Johnny conta a Jennifer tudo o que aconteceu e o porqu\u00ea de seu desaparecimento. Guille, Alex e Luz colocam uma aranha de pl\u00e1stico na sopa detox de Isabela. Fernando castiga as crian\u00e7as e diz a Ana que ela precisa falar seriamente com eles. Diego vai atr\u00e1s de Dorival para pagar a d\u00edvida de Ana.   <\/p>\n<p>(*) edi\u00e7\u00e3o do SBT, Novela \u201cMeu Cora\u00e7\u00e3o \u00e9 Teu\u201d, sujeito a altera\u00e7\u00e3o de data e conte\u00fado. <\/p>\n","protected":false},"excerpt":{"rendered":"<p>Novela \u201cMeu Cora\u00e7\u00e3o \u00e9 Teu\u201d resumo 08\/04: Diego confessa a Ana que est\u00e1 totalmente apaixonado por ela. Ana diz que seu cora\u00e7\u00e3o est\u00e1 em peda\u00e7os, por isso, ela precisa de um tempo para pensar mais sobre o assunto. Dias depois, Ana confessa a Fanny que est\u00e1 come\u00e7ando a gostar de Diego. Fernando procura Ana para [&hellip;]<\/p>\n","protected":false},"author":2,"featured_media":82119,"comment_status":"open","ping_status":"closed","sticky":false,"template":"","format":"standard","meta":{"tdm_status":"","tdm_grid_status":"","footnotes":""},"categories":[379,372,343],"tags":[441],"class_list":{"0":"post-83928","1":"post","2":"type-post","3":"status-publish","4":"format-standard","5":"has-post-thumbnail","7":"category-novelas","8":"category-sbt","9":"category-televisao","10":"tag-resumo-do-dia"},"_links":{"self":[{"href":"https:\/\/migracao.redenoticia.com.br\/noticia\/wp-json\/wp\/v2\/posts\/83928","targetHints":{"allow":["GET"]}}],"collection":[{"href":"https:\/\/migracao.redenoticia.com.br\/noticia\/wp-json\/wp\/v2\/posts"}],"about":[{"href":"https:\/\/migracao.redenoticia.com.br\/noticia\/wp-json\/wp\/v2\/types\/post"}],"author":[{"embeddable":true,"href":"https:\/\/migracao.redenoticia.com.br\/noticia\/wp-json\/wp\/v2\/users\/2"}],"replies":[{"embeddable":true,"href":"https:\/\/migracao.redenoticia.com.br\/noticia\/wp-json\/wp\/v2\/comments?post=83928"}],"version-history":[{"count":0,"href":"https:\/\/migracao.redenoticia.com.br\/noticia\/wp-json\/wp\/v2\/posts\/83928\/revisions"}],"wp:featuredmedia":[{"embeddable":true,"href":"https:\/\/migracao.redenoticia.com.br\/noticia\/wp-json\/wp\/v2\/media\/82119"}],"wp:attachment":[{"href":"https:\/\/migracao.redenoticia.com.br\/noticia\/wp-json\/wp\/v2\/media?parent=83928"}],"wp:term":[{"taxonomy":"category","embeddable":true,"href":"https:\/\/migracao.redenoticia.com.br\/noticia\/wp-json\/wp\/v2\/categories?post=83928"},{"taxonomy":"post_tag","embeddable":true,"href":"https:\/\/migracao.redenoticia.com.br\/noticia\/wp-json\/wp\/v2\/tags?post=83928"}],"curies":[{"name":"wp","href":"https:\/\/api.w.org\/{rel}","templated":true}]}}