{"id":83938,"date":"2016-04-07T18:11:29","date_gmt":"2016-04-07T21:11:29","guid":{"rendered":"http:\/\/www.redenoticia.com.br\/noticia\/?p=83938"},"modified":"2016-04-07T15:12:58","modified_gmt":"2016-04-07T18:12:58","slug":"novela-eta-mundo-bom-resumo-0804-eponina-pode-acabar-com-farsa-de-ernesto","status":"publish","type":"post","link":"https:\/\/migracao.redenoticia.com.br\/noticia\/2016\/novela-eta-mundo-bom-resumo-0804-eponina-pode-acabar-com-farsa-de-ernesto\/83938","title":{"rendered":"Novela \u201cEta Mundo Bom\u201d resumo 08\/04: Eponina pode acabar com farsa de Ernesto"},"content":{"rendered":"<p> <img loading=\"lazy\" decoding=\"async\" class=\"alignleft size-thumbnail wp-image-82131\" src=\"https:\/\/migracao.redenoticia.com.br\/noticia\/imagens\/eta_mundo_bom_globo_novela_resumo-150x112.jpg\" alt=\"eta_mundo_bom_globo_novela_resumo\" width=\"150\" height=\"112\" srcset=\"https:\/\/migracao.redenoticia.com.br\/noticia\/imagens\/eta_mundo_bom_globo_novela_resumo-150x112.jpg 150w, https:\/\/migracao.redenoticia.com.br\/noticia\/imagens\/eta_mundo_bom_globo_novela_resumo-265x198.jpg 265w\" sizes=\"auto, (max-width: 150px) 100vw, 150px\" \/><strong><em>Novela \u201cEta Mundo Bom\u201d resumo 08\/04<\/em><\/strong>: depois de descobrir que Ernesto est\u00e1 se passando por Candinho, Pancr\u00e1cio diz a Maria que tem um plano para desmascar\u00e1-lo. Como Ernesto j\u00e1 a amea\u00e7ou, o professor pede para que ela tome cuidado com ele. Maria come\u00e7a a colocar o plano em pr\u00e1tica. Ela fala para Anast\u00e1cia que Sandra deve receber o medalh\u00e3o de Candinho durante a cerim\u00f4nia de casamento. Enquanto isso, Pancr\u00e1cio vai atr\u00e1s de Eponina para que ela o ajude a defender os direitos de Candinho.<\/p>\n<p>No capitulo 071(*), novela \u201cEta Mundo Bom\u201d, sexta-feira, 08 de abril \u2013 Pancr\u00e1cio afirma que tem um plano contra Ernesto e pede que Maria tome cuidado com ele. Candinho desconfia dos segredos de Pancr\u00e1cio com Maria e Pirulito. <\/p>\n<p>Maria teme que Celso esteja envolvido na arma\u00e7\u00e3o de Ernesto. Ara\u00fajo ensina a Celso sobre os neg\u00f3cios da fam\u00edlia. Dita confronta Cunegundes. Mafalda confessa a Z\u00e9 dos Porcos que teme ser obrigada a casar com Romeu. <\/p>\n<p>Aconselhada por Maria, Anast\u00e1cia sugere que Sandra receba o medalh\u00e3o de Candinho durante a cerim\u00f4nia de casamento. Pancr\u00e1cio procura Eponina e pede que ajude Candinho.    <\/p>\n<p>(*) edi\u00e7\u00e3o da Rede Globo, Novela \u201cEta Mundo Bom\u201d, sujeito a altera\u00e7\u00e3o de data e conte\u00fado. <\/p>\n","protected":false},"excerpt":{"rendered":"<p>Novela \u201cEta Mundo Bom\u201d resumo 08\/04: depois de descobrir que Ernesto est\u00e1 se passando por Candinho, Pancr\u00e1cio diz a Maria que tem um plano para desmascar\u00e1-lo. Como Ernesto j\u00e1 a amea\u00e7ou, o professor pede para que ela tome cuidado com ele. Maria come\u00e7a a colocar o plano em pr\u00e1tica. Ela fala para Anast\u00e1cia que Sandra [&hellip;]<\/p>\n","protected":false},"author":2,"featured_media":79936,"comment_status":"open","ping_status":"closed","sticky":false,"template":"","format":"standard","meta":{"tdm_status":"","tdm_grid_status":"","footnotes":""},"categories":[379,375,343],"tags":[441],"class_list":{"0":"post-83938","1":"post","2":"type-post","3":"status-publish","4":"format-standard","5":"has-post-thumbnail","7":"category-novelas","8":"category-rede-globo","9":"category-televisao","10":"tag-resumo-do-dia"},"_links":{"self":[{"href":"https:\/\/migracao.redenoticia.com.br\/noticia\/wp-json\/wp\/v2\/posts\/83938","targetHints":{"allow":["GET"]}}],"collection":[{"href":"https:\/\/migracao.redenoticia.com.br\/noticia\/wp-json\/wp\/v2\/posts"}],"about":[{"href":"https:\/\/migracao.redenoticia.com.br\/noticia\/wp-json\/wp\/v2\/types\/post"}],"author":[{"embeddable":true,"href":"https:\/\/migracao.redenoticia.com.br\/noticia\/wp-json\/wp\/v2\/users\/2"}],"replies":[{"embeddable":true,"href":"https:\/\/migracao.redenoticia.com.br\/noticia\/wp-json\/wp\/v2\/comments?post=83938"}],"version-history":[{"count":0,"href":"https:\/\/migracao.redenoticia.com.br\/noticia\/wp-json\/wp\/v2\/posts\/83938\/revisions"}],"wp:featuredmedia":[{"embeddable":true,"href":"https:\/\/migracao.redenoticia.com.br\/noticia\/wp-json\/wp\/v2\/media\/79936"}],"wp:attachment":[{"href":"https:\/\/migracao.redenoticia.com.br\/noticia\/wp-json\/wp\/v2\/media?parent=83938"}],"wp:term":[{"taxonomy":"category","embeddable":true,"href":"https:\/\/migracao.redenoticia.com.br\/noticia\/wp-json\/wp\/v2\/categories?post=83938"},{"taxonomy":"post_tag","embeddable":true,"href":"https:\/\/migracao.redenoticia.com.br\/noticia\/wp-json\/wp\/v2\/tags?post=83938"}],"curies":[{"name":"wp","href":"https:\/\/api.w.org\/{rel}","templated":true}]}}