{"id":83940,"date":"2016-04-07T18:13:03","date_gmt":"2016-04-07T21:13:03","guid":{"rendered":"http:\/\/www.redenoticia.com.br\/noticia\/?p=83940"},"modified":"2016-04-07T15:15:05","modified_gmt":"2016-04-07T18:15:05","slug":"novela-totalmente-demais-resumo-0804-eliza-fala-com-sofia","status":"publish","type":"post","link":"https:\/\/migracao.redenoticia.com.br\/noticia\/2016\/novela-totalmente-demais-resumo-0804-eliza-fala-com-sofia\/83940","title":{"rendered":"Novela \u201cTotalmente Demais\u201d resumo 08\/04: Eliza fala com Sofia"},"content":{"rendered":"<p> <strong><em><img loading=\"lazy\" decoding=\"async\" class=\"alignleft size-thumbnail wp-image-76581\" src=\"https:\/\/migracao.redenoticia.com.br\/noticia\/imagens\/totalmente_demais_novela_resumo_globo-150x112.jpg\" alt=\"totalmente_demais_novela_resumo_globo\" width=\"150\" height=\"112\" srcset=\"https:\/\/migracao.redenoticia.com.br\/noticia\/imagens\/totalmente_demais_novela_resumo_globo-150x112.jpg 150w, https:\/\/migracao.redenoticia.com.br\/noticia\/imagens\/totalmente_demais_novela_resumo_globo-265x198.jpg 265w\" sizes=\"auto, (max-width: 150px) 100vw, 150px\" \/>Novela \u201cTotalmente Demais\u201d resumo 08\/04<\/em><\/strong>: Lili e Fabinho t\u00eam certeza de que viram Sofia andando pelo Bairro de F\u00e1tima. Mesmo correndo o risco de ser pega, Sofia continua pela redondeza. N\u00e3o demora muito e Eliza tamb\u00e9m a encontra. Eliza chega a falar com ela e diz que a conhece, mas Sofia d\u00e1 uma desculpa e desaparece do local. Sem ter sa\u00edda, Sofia diz a Jacar\u00e9 que a irm\u00e3 a reconheceu e pede para que ele tire Eliza de seu caminho. Jacar\u00e9 concorda e, mais tarde, vai atr\u00e1s de Eliza.<\/p>\n<p>No capitulo 131 (*), novela \u201cTotalmente Demais\u201d, sexta-feira, 08 de abril \u2013 Sofia garante a Jacar\u00e9 que acabar\u00e1 com Eliza. Hugo pede a Carolina que Cassandra estampe a capa da pr\u00f3xima edi\u00e7\u00e3o da revista. <\/p>\n<p>Eliza v\u00ea Sofia nas redondezas do Flor do L\u00e1cio e acredita que a filha de Germano est\u00e1 viva. Sofia diz a Jacar\u00e9 que Eliza a reconheceu e sugere que o parceiro tire a modelo de seu caminho. <\/p>\n<p>Jacar\u00e9 v\u00ea Jonatas e Eliza juntos. <\/p>\n<p>(*) edi\u00e7\u00e3o da Rede Globo, Novela \u201cTotalmente Demais\u201d, sujeito a altera\u00e7\u00e3o de data e conte\u00fado.<\/p>\n","protected":false},"excerpt":{"rendered":"<p>Novela \u201cTotalmente Demais\u201d resumo 08\/04: Lili e Fabinho t\u00eam certeza de que viram Sofia andando pelo Bairro de F\u00e1tima. Mesmo correndo o risco de ser pega, Sofia continua pela redondeza. N\u00e3o demora muito e Eliza tamb\u00e9m a encontra. Eliza chega a falar com ela e diz que a conhece, mas Sofia d\u00e1 uma desculpa e [&hellip;]<\/p>\n","protected":false},"author":2,"featured_media":76581,"comment_status":"open","ping_status":"closed","sticky":false,"template":"","format":"standard","meta":{"tdm_status":"","tdm_grid_status":"","footnotes":""},"categories":[379,375,343],"tags":[441],"class_list":{"0":"post-83940","1":"post","2":"type-post","3":"status-publish","4":"format-standard","5":"has-post-thumbnail","7":"category-novelas","8":"category-rede-globo","9":"category-televisao","10":"tag-resumo-do-dia"},"_links":{"self":[{"href":"https:\/\/migracao.redenoticia.com.br\/noticia\/wp-json\/wp\/v2\/posts\/83940","targetHints":{"allow":["GET"]}}],"collection":[{"href":"https:\/\/migracao.redenoticia.com.br\/noticia\/wp-json\/wp\/v2\/posts"}],"about":[{"href":"https:\/\/migracao.redenoticia.com.br\/noticia\/wp-json\/wp\/v2\/types\/post"}],"author":[{"embeddable":true,"href":"https:\/\/migracao.redenoticia.com.br\/noticia\/wp-json\/wp\/v2\/users\/2"}],"replies":[{"embeddable":true,"href":"https:\/\/migracao.redenoticia.com.br\/noticia\/wp-json\/wp\/v2\/comments?post=83940"}],"version-history":[{"count":0,"href":"https:\/\/migracao.redenoticia.com.br\/noticia\/wp-json\/wp\/v2\/posts\/83940\/revisions"}],"wp:featuredmedia":[{"embeddable":true,"href":"https:\/\/migracao.redenoticia.com.br\/noticia\/wp-json\/wp\/v2\/media\/76581"}],"wp:attachment":[{"href":"https:\/\/migracao.redenoticia.com.br\/noticia\/wp-json\/wp\/v2\/media?parent=83940"}],"wp:term":[{"taxonomy":"category","embeddable":true,"href":"https:\/\/migracao.redenoticia.com.br\/noticia\/wp-json\/wp\/v2\/categories?post=83940"},{"taxonomy":"post_tag","embeddable":true,"href":"https:\/\/migracao.redenoticia.com.br\/noticia\/wp-json\/wp\/v2\/tags?post=83940"}],"curies":[{"name":"wp","href":"https:\/\/api.w.org\/{rel}","templated":true}]}}