{"id":83943,"date":"2016-04-08T21:12:40","date_gmt":"2016-04-09T00:12:40","guid":{"rendered":"http:\/\/www.redenoticia.com.br\/noticia\/?p=83943"},"modified":"2016-04-08T22:22:07","modified_gmt":"2016-04-09T01:22:07","slug":"novela-velho-chico-resumo-0904-filho-de-tereza-decide-voltar-ao-brasil","status":"publish","type":"post","link":"https:\/\/migracao.redenoticia.com.br\/noticia\/2016\/novela-velho-chico-resumo-0904-filho-de-tereza-decide-voltar-ao-brasil\/83943","title":{"rendered":"Novela \u201cVelho Chico\u201d resumo 09\/04: filho de Tereza decide voltar ao Brasil"},"content":{"rendered":"<p> <img loading=\"lazy\" decoding=\"async\" class=\"alignleft size-thumbnail wp-image-82169\" src=\"https:\/\/migracao.redenoticia.com.br\/noticia\/imagens\/velho_chico_novela_resumo_globo-150x112.jpg\" alt=\"velho_chico_novela_resumo_globo\" width=\"150\" height=\"112\" srcset=\"https:\/\/migracao.redenoticia.com.br\/noticia\/imagens\/velho_chico_novela_resumo_globo-150x112.jpg 150w, https:\/\/migracao.redenoticia.com.br\/noticia\/imagens\/velho_chico_novela_resumo_globo-265x198.jpg 265w\" sizes=\"auto, (max-width: 150px) 100vw, 150px\" \/><strong><em>Novela \u201cVelho Chico\u201d resumo 09\/04<\/em><\/strong>: Miguel, filho de Tereza e Santo, resolve voltar ao Brasil depois de anos estudando no exterior. A poss\u00edvel visita do rapaz a Grotas deixa a herdeira de Afr\u00e2nio com medo de que a real paternidade dele seja descoberta. Iolanda e Tereza conversam sobre a chegada de Miguel na fazenda e elas se preocupam que ele descubra quem \u00e9 o seu verdadeiro pai.  <\/p>\n<p>No capitulo 024 (*), novela \u201cVelho Chico\u201d, s\u00e1bado, 09 de abril \u2013 Padre Rom\u00e3o casa Tereza e Carlos. Santo sofre ao ver sua amada no altar com outro. Grande retrospectiva da primeira fase. <\/p>\n<p> Passam-se 28 anos. Todos se preparam para a festa de cem anos de Encarna\u00e7\u00e3o. Carlos Eduardo anuncia que voltar\u00e1 a morar com Tereza na fazenda. Carlos Eduardo pede ajuda a Afr\u00e2nio para lan\u00e7ar sua candidatura ao governo do estado. Encarna\u00e7\u00e3o sofre com a aus\u00eancia de Martim. <\/p>\n<p>Doninha comemora a not\u00edcia da volta de Tereza. C\u00edcero desabafa com Doninha sobre Tereza e Carlos Eduardo. Tereza dan\u00e7a com os empregados e Afr\u00e2nio alerta o genro. Tereza acredita ter visto Santo. <\/p>\n<p>(*) edi\u00e7\u00e3o da Rede Globo, Novela \u201cVelho Chico\u201d, sujeito a altera\u00e7\u00e3o de data e conte\u00fado.<\/p>\n","protected":false},"excerpt":{"rendered":"<p>Novela \u201cVelho Chico\u201d resumo 09\/04: Miguel, filho de Tereza e Santo, resolve voltar ao Brasil depois de anos estudando no exterior. A poss\u00edvel visita do rapaz a Grotas deixa a herdeira de Afr\u00e2nio com medo de que a real paternidade dele seja descoberta. Iolanda e Tereza conversam sobre a chegada de Miguel na fazenda e [&hellip;]<\/p>\n","protected":false},"author":2,"featured_media":82169,"comment_status":"open","ping_status":"closed","sticky":false,"template":"","format":"standard","meta":{"tdm_status":"","tdm_grid_status":"","footnotes":""},"categories":[379,375,343],"tags":[441],"class_list":{"0":"post-83943","1":"post","2":"type-post","3":"status-publish","4":"format-standard","5":"has-post-thumbnail","7":"category-novelas","8":"category-rede-globo","9":"category-televisao","10":"tag-resumo-do-dia"},"_links":{"self":[{"href":"https:\/\/migracao.redenoticia.com.br\/noticia\/wp-json\/wp\/v2\/posts\/83943","targetHints":{"allow":["GET"]}}],"collection":[{"href":"https:\/\/migracao.redenoticia.com.br\/noticia\/wp-json\/wp\/v2\/posts"}],"about":[{"href":"https:\/\/migracao.redenoticia.com.br\/noticia\/wp-json\/wp\/v2\/types\/post"}],"author":[{"embeddable":true,"href":"https:\/\/migracao.redenoticia.com.br\/noticia\/wp-json\/wp\/v2\/users\/2"}],"replies":[{"embeddable":true,"href":"https:\/\/migracao.redenoticia.com.br\/noticia\/wp-json\/wp\/v2\/comments?post=83943"}],"version-history":[{"count":0,"href":"https:\/\/migracao.redenoticia.com.br\/noticia\/wp-json\/wp\/v2\/posts\/83943\/revisions"}],"wp:featuredmedia":[{"embeddable":true,"href":"https:\/\/migracao.redenoticia.com.br\/noticia\/wp-json\/wp\/v2\/media\/82169"}],"wp:attachment":[{"href":"https:\/\/migracao.redenoticia.com.br\/noticia\/wp-json\/wp\/v2\/media?parent=83943"}],"wp:term":[{"taxonomy":"category","embeddable":true,"href":"https:\/\/migracao.redenoticia.com.br\/noticia\/wp-json\/wp\/v2\/categories?post=83943"},{"taxonomy":"post_tag","embeddable":true,"href":"https:\/\/migracao.redenoticia.com.br\/noticia\/wp-json\/wp\/v2\/tags?post=83943"}],"curies":[{"name":"wp","href":"https:\/\/api.w.org\/{rel}","templated":true}]}}