{"id":83982,"date":"2016-04-08T19:13:15","date_gmt":"2016-04-08T22:13:15","guid":{"rendered":"http:\/\/www.redenoticia.com.br\/noticia\/?p=83982"},"modified":"2016-04-08T02:15:03","modified_gmt":"2016-04-08T05:15:03","slug":"novela-totalmente-demais-resumo-0904-germano-contrata-segurancas","status":"publish","type":"post","link":"https:\/\/migracao.redenoticia.com.br\/noticia\/2016\/novela-totalmente-demais-resumo-0904-germano-contrata-segurancas\/83982","title":{"rendered":"Novela \u201cTotalmente Demais\u201d resumo 09\/04: Germano contrata seguran\u00e7as"},"content":{"rendered":"<p> <strong><em><img loading=\"lazy\" decoding=\"async\" class=\"alignleft size-thumbnail wp-image-76581\" src=\"https:\/\/migracao.redenoticia.com.br\/noticia\/imagens\/totalmente_demais_novela_resumo_globo-150x112.jpg\" alt=\"totalmente_demais_novela_resumo_globo\" width=\"150\" height=\"112\" srcset=\"https:\/\/migracao.redenoticia.com.br\/noticia\/imagens\/totalmente_demais_novela_resumo_globo-150x112.jpg 150w, https:\/\/migracao.redenoticia.com.br\/noticia\/imagens\/totalmente_demais_novela_resumo_globo-265x198.jpg 265w\" sizes=\"auto, (max-width: 150px) 100vw, 150px\" \/>Novela \u201cTotalmente Demais\u201d resumo 09\/04<\/em><\/strong>: Jacar\u00e9 aborda Eliza e Jonatas no Flor do L\u00e1cio. Jonatas se coloca na frente de Eliza e tenta proteger a ruiva. Jacar\u00e9 aponta uma arma e pega o dinheiro. Jonatas aproveita um momento de distra\u00e7\u00e3o e chuta a arma dele. Eliza grita por ajuda, Gilda aparece e todos ficam surpresos. Eliza alcan\u00e7a a arma e amea\u00e7a o bandido. Logo depois, Eliza conta para seu pai que Jacar\u00e9 est\u00e1 livre e a amea\u00e7ou. Germano se assusta, procura Lili e conta que Jacar\u00e9 est\u00e1 livre. Germano contrata seguran\u00e7as para Eliza.<\/p>\n<p>No capitulo 132 (*), novela \u201cTotalmente Demais\u201d, s\u00e1bado, 09 de abril \u2013 Jacar\u00e9 consegue entrar no Flor do L\u00e1cio e amea\u00e7a Jonatas e Eliza. Jonatas briga com Jacar\u00e9, que acaba fugindo. <\/p>\n<p>Germano se assusta quando Eliza diz ter visto uma menina parecida com Sofia. Germano conta a Lili que Eliza tamb\u00e9m viu Sofia, e avisa que Jacar\u00e9 est\u00e1 livre. <\/p>\n<p>Germano contrata seguran\u00e7as para Eliza, Lili e Fabinho. Germano encontra Sofia, que finge ter perdido sua mem\u00f3ria.   <\/p>\n<p>(*) edi\u00e7\u00e3o da Rede Globo, Novela \u201cTotalmente Demais\u201d, sujeito a altera\u00e7\u00e3o de data e conte\u00fado.<\/p>\n","protected":false},"excerpt":{"rendered":"<p>Novela \u201cTotalmente Demais\u201d resumo 09\/04: Jacar\u00e9 aborda Eliza e Jonatas no Flor do L\u00e1cio. Jonatas se coloca na frente de Eliza e tenta proteger a ruiva. Jacar\u00e9 aponta uma arma e pega o dinheiro. Jonatas aproveita um momento de distra\u00e7\u00e3o e chuta a arma dele. Eliza grita por ajuda, Gilda aparece e todos ficam surpresos. [&hellip;]<\/p>\n","protected":false},"author":2,"featured_media":77335,"comment_status":"open","ping_status":"closed","sticky":false,"template":"","format":"standard","meta":{"tdm_status":"","tdm_grid_status":"","footnotes":""},"categories":[379,375,343],"tags":[441],"class_list":{"0":"post-83982","1":"post","2":"type-post","3":"status-publish","4":"format-standard","5":"has-post-thumbnail","7":"category-novelas","8":"category-rede-globo","9":"category-televisao","10":"tag-resumo-do-dia"},"_links":{"self":[{"href":"https:\/\/migracao.redenoticia.com.br\/noticia\/wp-json\/wp\/v2\/posts\/83982","targetHints":{"allow":["GET"]}}],"collection":[{"href":"https:\/\/migracao.redenoticia.com.br\/noticia\/wp-json\/wp\/v2\/posts"}],"about":[{"href":"https:\/\/migracao.redenoticia.com.br\/noticia\/wp-json\/wp\/v2\/types\/post"}],"author":[{"embeddable":true,"href":"https:\/\/migracao.redenoticia.com.br\/noticia\/wp-json\/wp\/v2\/users\/2"}],"replies":[{"embeddable":true,"href":"https:\/\/migracao.redenoticia.com.br\/noticia\/wp-json\/wp\/v2\/comments?post=83982"}],"version-history":[{"count":0,"href":"https:\/\/migracao.redenoticia.com.br\/noticia\/wp-json\/wp\/v2\/posts\/83982\/revisions"}],"wp:featuredmedia":[{"embeddable":true,"href":"https:\/\/migracao.redenoticia.com.br\/noticia\/wp-json\/wp\/v2\/media\/77335"}],"wp:attachment":[{"href":"https:\/\/migracao.redenoticia.com.br\/noticia\/wp-json\/wp\/v2\/media?parent=83982"}],"wp:term":[{"taxonomy":"category","embeddable":true,"href":"https:\/\/migracao.redenoticia.com.br\/noticia\/wp-json\/wp\/v2\/categories?post=83982"},{"taxonomy":"post_tag","embeddable":true,"href":"https:\/\/migracao.redenoticia.com.br\/noticia\/wp-json\/wp\/v2\/tags?post=83982"}],"curies":[{"name":"wp","href":"https:\/\/api.w.org\/{rel}","templated":true}]}}