{"id":83984,"date":"2016-04-08T18:15:07","date_gmt":"2016-04-08T21:15:07","guid":{"rendered":"http:\/\/www.redenoticia.com.br\/noticia\/?p=83984"},"modified":"2016-04-08T02:16:21","modified_gmt":"2016-04-08T05:16:21","slug":"novela-eta-mundo-bom-resumo-0904-eponina-aceita-viajar-com-pancracio","status":"publish","type":"post","link":"https:\/\/migracao.redenoticia.com.br\/noticia\/2016\/novela-eta-mundo-bom-resumo-0904-eponina-aceita-viajar-com-pancracio\/83984","title":{"rendered":"Novela \u201cEta Mundo Bom\u201d resumo 09\/04: Eponina aceita viajar com Pancr\u00e1cio"},"content":{"rendered":"<p> <img loading=\"lazy\" decoding=\"async\" class=\"alignleft size-thumbnail wp-image-82131\" src=\"https:\/\/migracao.redenoticia.com.br\/noticia\/imagens\/eta_mundo_bom_globo_novela_resumo-150x112.jpg\" alt=\"eta_mundo_bom_globo_novela_resumo\" width=\"150\" height=\"112\" srcset=\"https:\/\/migracao.redenoticia.com.br\/noticia\/imagens\/eta_mundo_bom_globo_novela_resumo-150x112.jpg 150w, https:\/\/migracao.redenoticia.com.br\/noticia\/imagens\/eta_mundo_bom_globo_novela_resumo-265x198.jpg 265w\" sizes=\"auto, (max-width: 150px) 100vw, 150px\" \/><strong><em>Novela \u201cEta Mundo Bom\u201d resumo 09\/04<\/em><\/strong>: Pancr\u00e1cio volta para sua terra natal atr\u00e1s de Eponina. Ele quer que ela o ajude com o segredo de Candinho. Eponina aceita viajar para S\u00e3o Paulo com ele. Mafalda resolve acompanhar a tia, para visitar Romeu. Ao chegarem na capital, Candinho estranha e exige que Pancr\u00e1cio e Eponina lhe revelem o segredo.<\/p>\n<p>No capitulo 072(*), novela \u201cEta Mundo Bom\u201d, s\u00e1bado, 09 de abril \u2013 Eponina aceita viajar para S\u00e3o Paulo com Pancr\u00e1cio, e Cunegundes desconfia. Cl\u00e1udio agradece a amizade de Alice, que acredita ser uma fada. Ilde e Narcisa se reencontram. Narcisa provoca Emma. Diana teme que Braz n\u00e3o a ame. <\/p>\n<p>Celso presenteia Maria, e Sandra se incomoda. Braz chora ao ver Severo com Diana. Filomena sente-se mal. Paulina repreende as perguntas de Clarice a Vermelho, e a mo\u00e7a deduz que Filomena foi v\u00edtima de uma arma\u00e7\u00e3o. <\/p>\n<p>Mafalda decide viajar com Eponina e Pancr\u00e1cio, e pede a Josias o endere\u00e7o de Romeu. Candinho exige que Pancr\u00e1cio e Eponina lhe revelem seu segredo. Chega o dia do casamento de Sandra e Ernesto. <\/p>\n<p>(*) edi\u00e7\u00e3o da Rede Globo, Novela \u201cEta Mundo Bom\u201d, sujeito a altera\u00e7\u00e3o de data e conte\u00fado.<\/p>\n","protected":false},"excerpt":{"rendered":"<p>Novela \u201cEta Mundo Bom\u201d resumo 09\/04: Pancr\u00e1cio volta para sua terra natal atr\u00e1s de Eponina. Ele quer que ela o ajude com o segredo de Candinho. Eponina aceita viajar para S\u00e3o Paulo com ele. Mafalda resolve acompanhar a tia, para visitar Romeu. Ao chegarem na capital, Candinho estranha e exige que Pancr\u00e1cio e Eponina lhe [&hellip;]<\/p>\n","protected":false},"author":2,"featured_media":79937,"comment_status":"open","ping_status":"closed","sticky":false,"template":"","format":"standard","meta":{"tdm_status":"","tdm_grid_status":"","footnotes":""},"categories":[379,375,343],"tags":[441],"class_list":{"0":"post-83984","1":"post","2":"type-post","3":"status-publish","4":"format-standard","5":"has-post-thumbnail","7":"category-novelas","8":"category-rede-globo","9":"category-televisao","10":"tag-resumo-do-dia"},"_links":{"self":[{"href":"https:\/\/migracao.redenoticia.com.br\/noticia\/wp-json\/wp\/v2\/posts\/83984","targetHints":{"allow":["GET"]}}],"collection":[{"href":"https:\/\/migracao.redenoticia.com.br\/noticia\/wp-json\/wp\/v2\/posts"}],"about":[{"href":"https:\/\/migracao.redenoticia.com.br\/noticia\/wp-json\/wp\/v2\/types\/post"}],"author":[{"embeddable":true,"href":"https:\/\/migracao.redenoticia.com.br\/noticia\/wp-json\/wp\/v2\/users\/2"}],"replies":[{"embeddable":true,"href":"https:\/\/migracao.redenoticia.com.br\/noticia\/wp-json\/wp\/v2\/comments?post=83984"}],"version-history":[{"count":0,"href":"https:\/\/migracao.redenoticia.com.br\/noticia\/wp-json\/wp\/v2\/posts\/83984\/revisions"}],"wp:featuredmedia":[{"embeddable":true,"href":"https:\/\/migracao.redenoticia.com.br\/noticia\/wp-json\/wp\/v2\/media\/79937"}],"wp:attachment":[{"href":"https:\/\/migracao.redenoticia.com.br\/noticia\/wp-json\/wp\/v2\/media?parent=83984"}],"wp:term":[{"taxonomy":"category","embeddable":true,"href":"https:\/\/migracao.redenoticia.com.br\/noticia\/wp-json\/wp\/v2\/categories?post=83984"},{"taxonomy":"post_tag","embeddable":true,"href":"https:\/\/migracao.redenoticia.com.br\/noticia\/wp-json\/wp\/v2\/tags?post=83984"}],"curies":[{"name":"wp","href":"https:\/\/api.w.org\/{rel}","templated":true}]}}