{"id":8400,"date":"2009-08-12T14:03:35","date_gmt":"2009-08-12T18:03:35","guid":{"rendered":"http:\/\/www.redenoticia.com.br\/noticia\/?p=8400"},"modified":"2009-08-12T23:42:40","modified_gmt":"2009-08-13T03:42:40","slug":"sbt-divulga-diversas-atracoes-para-hoje-1208","status":"publish","type":"post","link":"https:\/\/migracao.redenoticia.com.br\/noticia\/2009\/sbt-divulga-diversas-atracoes-para-hoje-1208\/8400","title":{"rendered":"SBT divulga diversas atra\u00e7\u00f5es para hoje (12\/08)"},"content":{"rendered":"<p>SBT Rep\u00f3rter explora as belezas da Bol\u00edvia. Localizada no centro-oeste da Am\u00e9rica do Sul, a Bol\u00edvia \u00e9 uma na\u00e7\u00e3o multicultural, com milhares de riquezas naturais e arqueol\u00f3gicas. O SBT Rep\u00f3rter percorreu os lugares mais in\u00f3spitos e bonitos do pa\u00eds, principalmente a regi\u00e3o onde est\u00e1 situado o cora\u00e7\u00e3o do territ\u00f3rio Qu\u00e9chua. O altiplano andino \u00e9 um local de terra seca e est\u00e9ril onde vive um povo que se tornou forte e destemido com sua cultura ancestral que precedeu os Incas.\u00a0<\/p>\n<p>A equipe de reportagem tamb\u00e9m foi conhecer o maior deserto de sal do mundo, o Salar de Uyuni, uma maravilha da natureza que garante a sobreviv\u00eancia de centenas de pessoas. L\u00e1, a rep\u00f3rter Magdalena Bonfiglioli visitou um hotel inteiramente constru\u00eddo com esta mat\u00e9ria-prima. Estas e outras curiosidades no SBT Rep\u00f3rter &#8220;Bol\u00edvia&#8221; com C\u00e9sar Filho. <a href=\"http:\/\/www.sbt.com.br\/sbtreporter\">+ Assista aos programas anteriores!<\/a> SBT Rep\u00f3rter, nesta quarta (12\/08), \u00e0s 23h30, no SBT!<\/p>\n<p>Dupla aprovada no Cirque du Soleil compete no SBT &#8211; Uma dupla de artistas aprovada em audi\u00e7\u00e3o para o Cirque Du Soleil participa do programa Qual \u00e9 o Seu Talento? desta quarta-feira, 12 de agosto. Andrei Ricardo Parmesan, de 32 anos, e Let\u00edcia Marcondes, de 31 anos, treinam n\u00famero de equil\u00edbrio h\u00e1 10 anos. A dupla, denominada Akr\u00f3batus, est\u00e1 na fila de espera da companhia internacional e, enquanto n\u00e3o s\u00e3o chamados, disputam o pr\u00eamio de R$ 100 mil reais em barras de ouro.\u00a0<\/p>\n<p>Outra atra\u00e7\u00e3o do programa \u00e9 Vit\u00f3ria Hedeko, de 8 anos, de Pereira Barreto, interior de S\u00e3o Paulo, que come\u00e7ou a cantar desde os tr\u00eas anos de idade e de l\u00e1 para c\u00e1 n\u00e3o parou mais. A garota j\u00e1 se apresentou em diversos concursos em sua cidade e sempre fica entre os 10 finalistas. J\u00e1 o dan\u00e7arino-mirim Wesley Paulo Souza Cruz , de 9 anos, j\u00e1 trabalhou ao lado de Marcelo D2 e Charlie Brown Jr.. Al\u00e9m dan\u00e7ar hip hop, que aprendeu com o irm\u00e3o Chaveirinho, trabalha como ator, atuando em novelas e comerciais. N\u00e3o perca! \u00a0<a href=\"http:\/\/www.sbt.com.br\/qualeoseutalento\/blog\">+ Blog: Andr\u00e9 Vasco comenta o programa!<\/a> \u00a0Qual \u00e9 o Seu Talento?, nesta quarta, \u00e0s 20h, no SBT!<\/p>\n<p>Logos ap\u00f3s deixar a ilha de edi\u00e7\u00e3o do Qual \u00e9 o Seu Talento?, Andr\u00e9 Vasco gravou seu segundo &#8220;Vasco V\u00edrus&#8221;, nome dado por ele aos v\u00eddeos de bastidores enviados ao site do SBT. O apresentador do programa fala sobre as atra\u00e7\u00f5es desta quarta, 12 de agosto, incluindo uma apresenta\u00e7\u00e3o que vai esquentar o show, literalmente.\u00a0<\/p>\n<p>Qual \u00e9 o Seu Talento?, nesta quarta, \u00e0s 20h, no SBT!<\/p>\n","protected":false},"excerpt":{"rendered":"<p>SBT Rep\u00f3rter explora as belezas da Bol\u00edvia. Localizada no centro-oeste da Am\u00e9rica do Sul, a Bol\u00edvia \u00e9 uma na\u00e7\u00e3o multicultural, com milhares de riquezas naturais e arqueol\u00f3gicas. O SBT Rep\u00f3rter percorreu os lugares mais in\u00f3spitos e bonitos do pa\u00eds, principalmente a regi\u00e3o onde est\u00e1 situado o cora\u00e7\u00e3o do territ\u00f3rio Qu\u00e9chua. O altiplano andino \u00e9 um [&hellip;]<\/p>\n","protected":false},"author":3,"featured_media":0,"comment_status":"open","ping_status":"open","sticky":false,"template":"","format":"standard","meta":{"tdm_status":"","tdm_grid_status":"","footnotes":""},"categories":[22,343],"tags":[],"class_list":{"0":"post-8400","1":"post","2":"type-post","3":"status-publish","4":"format-standard","6":"category-brasil","7":"category-televisao"},"_links":{"self":[{"href":"https:\/\/migracao.redenoticia.com.br\/noticia\/wp-json\/wp\/v2\/posts\/8400","targetHints":{"allow":["GET"]}}],"collection":[{"href":"https:\/\/migracao.redenoticia.com.br\/noticia\/wp-json\/wp\/v2\/posts"}],"about":[{"href":"https:\/\/migracao.redenoticia.com.br\/noticia\/wp-json\/wp\/v2\/types\/post"}],"author":[{"embeddable":true,"href":"https:\/\/migracao.redenoticia.com.br\/noticia\/wp-json\/wp\/v2\/users\/3"}],"replies":[{"embeddable":true,"href":"https:\/\/migracao.redenoticia.com.br\/noticia\/wp-json\/wp\/v2\/comments?post=8400"}],"version-history":[{"count":0,"href":"https:\/\/migracao.redenoticia.com.br\/noticia\/wp-json\/wp\/v2\/posts\/8400\/revisions"}],"wp:attachment":[{"href":"https:\/\/migracao.redenoticia.com.br\/noticia\/wp-json\/wp\/v2\/media?parent=8400"}],"wp:term":[{"taxonomy":"category","embeddable":true,"href":"https:\/\/migracao.redenoticia.com.br\/noticia\/wp-json\/wp\/v2\/categories?post=8400"},{"taxonomy":"post_tag","embeddable":true,"href":"https:\/\/migracao.redenoticia.com.br\/noticia\/wp-json\/wp\/v2\/tags?post=8400"}],"curies":[{"name":"wp","href":"https:\/\/api.w.org\/{rel}","templated":true}]}}