{"id":84013,"date":"2016-04-10T16:48:54","date_gmt":"2016-04-10T19:48:54","guid":{"rendered":"http:\/\/www.redenoticia.com.br\/noticia\/?p=84013"},"modified":"2016-04-10T16:48:54","modified_gmt":"2016-04-10T19:48:54","slug":"novela-velho-chico-resumo-1104-carlos-nao-consegue-controlar-tereza","status":"publish","type":"post","link":"https:\/\/migracao.redenoticia.com.br\/noticia\/2016\/novela-velho-chico-resumo-1104-carlos-nao-consegue-controlar-tereza\/84013","title":{"rendered":"Novela \u201cVelho Chico\u201d resumo 11\/04: Carlos  n\u00e3o consegue controlar Tereza"},"content":{"rendered":"<p><img loading=\"lazy\" decoding=\"async\" class=\"alignleft size-thumbnail wp-image-82169\" src=\"https:\/\/migracao.redenoticia.com.br\/noticia\/imagens\/velho_chico_novela_resumo_globo-150x112.jpg\" alt=\"velho_chico_novela_resumo_globo\" width=\"150\" height=\"112\" srcset=\"https:\/\/migracao.redenoticia.com.br\/noticia\/imagens\/velho_chico_novela_resumo_globo-150x112.jpg 150w, https:\/\/migracao.redenoticia.com.br\/noticia\/imagens\/velho_chico_novela_resumo_globo-265x198.jpg 265w\" sizes=\"auto, (max-width: 150px) 100vw, 150px\" \/><strong><em>Novela \u201cVelho Chico\u201d resumo 11\/04<\/em><\/strong>: Cerca de 30 anos sem visitar Grotas do S\u00e3o Francisco, Tereza (Camila Pitanga) n\u00e3o poderia estar mais feliz em retornar \u00e0 sua cidade natal. Tomada pelo sentimento de nostalgia, ela dan\u00e7a com os empregados da fazenda onde morava e exalta alegria durante a comemora\u00e7\u00e3o dos 100 anos de Encarna\u00e7\u00e3o (Selma Egrei). Quem n\u00e3o gosta nada do que v\u00ea \u00e9 Carlos Eduardo (Marcelo Serrado). O pol\u00edtico tenta retirar Tereza do local, mas ela o puxa para dan\u00e7ar, e ele acaba caindo em sua brincadeira. Pouco tempo depois, sussurra no ouvido da mulher: &#8220;Acho que \u00e9 hora de voc\u00ea entrar, tomar um banho e se arrumar&#8230;&#8221;. Mas a filha do coronel n\u00e3o d\u00e1 ouvidos e pede a C\u00edcero (Marcos Palmeira) seu cavalo. O jagun\u00e7o, mordido de ci\u00fames do casal, acata o desejo prontamente. Tereza monta o animal e arranca em disparada, deixando Carlos abismado. O deputado exige que C\u00edcero traga sua mulher de volta, mas o emprego, destemido, responde: &#8220;O deputado que me perdoe, mais num s\u00f4 home de corr\u00ea atr\u00e1s da mulher dos \u00f4tro!&#8221;.<\/p>\n<p>No capitulo 025 (*), novela \u201cVelho Chico\u201d, segunda-feira, 11 de abril \u2013 Passam-se 28 anos. Todos se preparam para a festa de cem anos de Encarna\u00e7\u00e3o. Carlos Eduardo anuncia que voltar\u00e1 a morar com Tereza na fazenda. <\/p>\n<p>Carlos Eduardo pede ajuda a Afr\u00e2nio para lan\u00e7ar sua candidatura ao governo do estado. Encarna\u00e7\u00e3o sofre com a aus\u00eancia de Martim. Doninha comemora a not\u00edcia da volta de Tereza. <\/p>\n<p>C\u00edcero desabafa com Doninha sobre Tereza e Carlos Eduardo. Tereza dan\u00e7a com os empregados e Afr\u00e2nio alerta o genro. Tereza acredita ter visto Santo.<\/p>\n<p>(*) edi\u00e7\u00e3o da Rede Globo, Novela \u201cVelho Chico\u201d, sujeito a altera\u00e7\u00e3o de data e conte\u00fado. <\/p>\n","protected":false},"excerpt":{"rendered":"<p>Novela \u201cVelho Chico\u201d resumo 11\/04: Cerca de 30 anos sem visitar Grotas do S\u00e3o Francisco, Tereza (Camila Pitanga) n\u00e3o poderia estar mais feliz em retornar \u00e0 sua cidade natal. Tomada pelo sentimento de nostalgia, ela dan\u00e7a com os empregados da fazenda onde morava e exalta alegria durante a comemora\u00e7\u00e3o dos 100 anos de Encarna\u00e7\u00e3o (Selma [&hellip;]<\/p>\n","protected":false},"author":2,"featured_media":82169,"comment_status":"open","ping_status":"closed","sticky":false,"template":"","format":"standard","meta":{"tdm_status":"","tdm_grid_status":"","footnotes":""},"categories":[379,375,343],"tags":[441],"class_list":{"0":"post-84013","1":"post","2":"type-post","3":"status-publish","4":"format-standard","5":"has-post-thumbnail","7":"category-novelas","8":"category-rede-globo","9":"category-televisao","10":"tag-resumo-do-dia"},"_links":{"self":[{"href":"https:\/\/migracao.redenoticia.com.br\/noticia\/wp-json\/wp\/v2\/posts\/84013","targetHints":{"allow":["GET"]}}],"collection":[{"href":"https:\/\/migracao.redenoticia.com.br\/noticia\/wp-json\/wp\/v2\/posts"}],"about":[{"href":"https:\/\/migracao.redenoticia.com.br\/noticia\/wp-json\/wp\/v2\/types\/post"}],"author":[{"embeddable":true,"href":"https:\/\/migracao.redenoticia.com.br\/noticia\/wp-json\/wp\/v2\/users\/2"}],"replies":[{"embeddable":true,"href":"https:\/\/migracao.redenoticia.com.br\/noticia\/wp-json\/wp\/v2\/comments?post=84013"}],"version-history":[{"count":0,"href":"https:\/\/migracao.redenoticia.com.br\/noticia\/wp-json\/wp\/v2\/posts\/84013\/revisions"}],"wp:featuredmedia":[{"embeddable":true,"href":"https:\/\/migracao.redenoticia.com.br\/noticia\/wp-json\/wp\/v2\/media\/82169"}],"wp:attachment":[{"href":"https:\/\/migracao.redenoticia.com.br\/noticia\/wp-json\/wp\/v2\/media?parent=84013"}],"wp:term":[{"taxonomy":"category","embeddable":true,"href":"https:\/\/migracao.redenoticia.com.br\/noticia\/wp-json\/wp\/v2\/categories?post=84013"},{"taxonomy":"post_tag","embeddable":true,"href":"https:\/\/migracao.redenoticia.com.br\/noticia\/wp-json\/wp\/v2\/tags?post=84013"}],"curies":[{"name":"wp","href":"https:\/\/api.w.org\/{rel}","templated":true}]}}