{"id":8402,"date":"2009-08-12T14:11:13","date_gmt":"2009-08-12T18:11:13","guid":{"rendered":"http:\/\/www.redenoticia.com.br\/noticia\/?p=8402"},"modified":"2009-08-12T23:39:42","modified_gmt":"2009-08-13T03:39:42","slug":"a-fazenda-da-rede-record-consolida-o-primeiro-lugar-isolado-e-bate-recorde-na-audiencia","status":"publish","type":"post","link":"https:\/\/migracao.redenoticia.com.br\/noticia\/2009\/a-fazenda-da-rede-record-consolida-o-primeiro-lugar-isolado-e-bate-recorde-na-audiencia\/8402","title":{"rendered":"A Fazenda da Rede Record consolida o primeiro lugar isolado e bate recorde na audi\u00eancia"},"content":{"rendered":"<p>Com a exibi\u00e7\u00e3o ao vivo do Desafio Semanal na noite de ontem (11\/08) A Fazenda da Rede Record garantiu, pela primeira vez, a lideran\u00e7a isolada e recorde na audi\u00eancia, com 21 pontos de m\u00e9dia, 24 de pico e 40% de share, na faixa das 23h02 \u00e0 0h10, segundo dados consolidados do Ibope Grande S\u00e3o Paulo. No mesmo hor\u00e1rio a emissora concorrente registrou cinco pontos a menos, ficando com apenas 16 de m\u00e9dia.<\/p>\n<p>Carlinhos venceu o Desafio Semanal da Fazenda e assim ficou salvo da &#8220;Ro\u00e7a&#8221;, que eliminar\u00e1 um dos outros tr\u00eas participantes no domingo. A final do programa ser\u00e1 no dia 23 de agosto na Rede Record.<\/p>\n<p>No programa de ontem da Fazenda, a Rede Record produziu a prova \u201cPendulo\u201d, que consistia em levantar o pe\u00e3o at\u00e9 6 metros de altura e solt\u00e1-lo. No vai e vem o pe\u00e3o teve que pegar pilhas e acertar um min\u00fasculo vaso de acr\u00edlico. As pilhas do patrocinador da Fazenda valeram 8 pontos e as pilhas comum valeram 1 ponto.<\/p>\n<p>A Rede Record contabilizou os pontos ao vivo, direto da Fazenda de Itu, e o resultado foi Danni Carlos com 73 pontos, Dado com 197 pontos, Carlinhos venceu com 248 pontos e Pedro fez 157 pontos. Carlinhos ficou livre da Ro\u00e7a e a vota\u00e7\u00e3o para quem vai sair neste domingo da Fazenda foi anunciada pela Rede Record no final do programa.<\/p>\n","protected":false},"excerpt":{"rendered":"<p>Com a exibi\u00e7\u00e3o ao vivo do Desafio Semanal na noite de ontem (11\/08) A Fazenda da Rede Record garantiu, pela primeira vez, a lideran\u00e7a isolada e recorde na audi\u00eancia, com 21 pontos de m\u00e9dia, 24 de pico e 40% de share, na faixa das 23h02 \u00e0 0h10, segundo dados consolidados do Ibope Grande S\u00e3o Paulo. [&hellip;]<\/p>\n","protected":false},"author":3,"featured_media":0,"comment_status":"open","ping_status":"open","sticky":false,"template":"","format":"standard","meta":{"tdm_status":"","tdm_grid_status":"","footnotes":""},"categories":[22,343],"tags":[],"class_list":{"0":"post-8402","1":"post","2":"type-post","3":"status-publish","4":"format-standard","6":"category-brasil","7":"category-televisao"},"_links":{"self":[{"href":"https:\/\/migracao.redenoticia.com.br\/noticia\/wp-json\/wp\/v2\/posts\/8402","targetHints":{"allow":["GET"]}}],"collection":[{"href":"https:\/\/migracao.redenoticia.com.br\/noticia\/wp-json\/wp\/v2\/posts"}],"about":[{"href":"https:\/\/migracao.redenoticia.com.br\/noticia\/wp-json\/wp\/v2\/types\/post"}],"author":[{"embeddable":true,"href":"https:\/\/migracao.redenoticia.com.br\/noticia\/wp-json\/wp\/v2\/users\/3"}],"replies":[{"embeddable":true,"href":"https:\/\/migracao.redenoticia.com.br\/noticia\/wp-json\/wp\/v2\/comments?post=8402"}],"version-history":[{"count":0,"href":"https:\/\/migracao.redenoticia.com.br\/noticia\/wp-json\/wp\/v2\/posts\/8402\/revisions"}],"wp:attachment":[{"href":"https:\/\/migracao.redenoticia.com.br\/noticia\/wp-json\/wp\/v2\/media?parent=8402"}],"wp:term":[{"taxonomy":"category","embeddable":true,"href":"https:\/\/migracao.redenoticia.com.br\/noticia\/wp-json\/wp\/v2\/categories?post=8402"},{"taxonomy":"post_tag","embeddable":true,"href":"https:\/\/migracao.redenoticia.com.br\/noticia\/wp-json\/wp\/v2\/tags?post=8402"}],"curies":[{"name":"wp","href":"https:\/\/api.w.org\/{rel}","templated":true}]}}