{"id":8405,"date":"2009-08-12T14:17:07","date_gmt":"2009-08-12T18:17:07","guid":{"rendered":"http:\/\/www.redenoticia.com.br\/noticia\/?p=8405"},"modified":"2009-08-12T23:41:28","modified_gmt":"2009-08-13T03:41:28","slug":"rede-record-divulga-atracoes-do-camera-record-e-reporter-record-desta-semana","status":"publish","type":"post","link":"https:\/\/migracao.redenoticia.com.br\/noticia\/2009\/rede-record-divulga-atracoes-do-camera-record-e-reporter-record-desta-semana\/8405","title":{"rendered":"Rede Record divulga atra\u00e7\u00f5es do C\u00e2mera Record e Rep\u00f3rter Record desta semana"},"content":{"rendered":"<p>Na noite da pr\u00f3xima sexta-feira (14\/08), \u00e0s 23h05, o jornal\u00edstico tem\u00e1tico da Rede Record exibe imagens impressionantes de macacos \u00e1geis, organizados e corajosos cometendo crimes nas ruas de uma pequena cidade da \u00cdndia. O C\u00e2mera Record mostra um bando que age a sangue frio e em plena luz do dia. Um vilarejo assombrado por uma quadrilha de macacos!<\/p>\n<p>No C\u00e2mera Record, os espertos primatas encontraram um porto-seguro, confort\u00e1vel e a salvo de qualquer intruso mal intencionado. As oferendas aos deuses viram o almo\u00e7o para eles. Insaci\u00e1veis, n\u00e3o se contentam em surrupiar s\u00f3 o sagrado: invadem apartamentos, saqueiam lojas, se aventuram a assaltar at\u00e9 zool\u00f3gicos. Os telhados das casas s\u00e3o avenidas para as gangues de macaquinhos que percorrem a cidade. Eles varrem absolutamente tudo, cada migalha que encontrarem pela frente.<\/p>\n<p>O programa jornal\u00edstico da Record revela ainda que os macacos s\u00e3o capazes dos piores jogos psicol\u00f3gicos. Se machucados, aprendem a usar as sequelas para conquistar a simpatia dos humanos. Quem se recusaria a alimentar um pobre macaquinho deficiente? Enquanto isso, os moradores da cidade preparam o contra-ataque para expulsar os invasores. As armas s\u00e3o letais: guloseimas, um peda\u00e7o de arame e uma jaula. Ser\u00e1 que o bando cair\u00e1 no golpe? E na selva? Como ser\u00e1 que estes espertinhos se virariam? Ser\u00e1 que eles sobreviveriam.\u00a0Apresentado por Marcos Hummel, o C\u00e2mera Record vai ao ar nesta sexta-feira, \u00e0s 23h05.<\/p>\n<p>E no pr\u00f3ximo domingo (16\/08) o programa jornal\u00edstico da Record especializado em mat\u00e9rias investigativas mostra flagrantes assustadores de descontrole, desequil\u00edbrio e insensatez. O Rep\u00f3rter Record revela quais s\u00e3o os motivos que fazem as pessoas perderem a cabe\u00e7a.<\/p>\n<p>De casas noturnas a est\u00e1dios de futebol, de bailes de carnaval a comemora\u00e7\u00f5es de fim de ano: lugares de entretenimento se transformam em ringues de luta.\u00a0O Rep\u00f3rter Record apresenta a f\u00faria no tr\u00e2nsito. Por que os brasileiros est\u00e3o impacientes ao volante? Fechadas bruscas, tr\u00e1fego parado, buzina\u00e7os. Os telespectadores v\u00e3o ver imagens de motoristas que perderam o rumo do bom senso.<\/p>\n<p>Bebida: um convite \u00e0 confus\u00e3o. Perder a cabe\u00e7a, muitas vezes, \u00e9 incontrol\u00e1vel. Abusar do \u00e1lcool, no entanto, torna-se um perigoso flerte com o destino. \u00a0O Rep\u00f3rter Record relembra a hist\u00f3ria do frentista de um posto de gasolina brutalmente atropelado por um estudante de Direito. Com o corpo da v\u00edtima ainda embaixo do carro, o motorista insistia em acelerar. Por qu\u00ea?\u00a0Roqueiros, manifestantes, esportistas. Quando o instinto vence a raz\u00e3o, a viol\u00eancia n\u00e3o tem lugar, idade ou etnia. A linha que separa um bate-boca comum de uma briga violenta cada dia fica mais fr\u00e1gil e pr\u00f3xima de qualquer um. \u00a0O Rep\u00f3rter Record vai ao ar \u00e0s 20h45, logo ap\u00f3s o Domingo Espetacular.<\/p>\n","protected":false},"excerpt":{"rendered":"<p>Na noite da pr\u00f3xima sexta-feira (14\/08), \u00e0s 23h05, o jornal\u00edstico tem\u00e1tico da Rede Record exibe imagens impressionantes de macacos \u00e1geis, organizados e corajosos cometendo crimes nas ruas de uma pequena cidade da \u00cdndia. O C\u00e2mera Record mostra um bando que age a sangue frio e em plena luz do dia. Um vilarejo assombrado por uma [&hellip;]<\/p>\n","protected":false},"author":3,"featured_media":0,"comment_status":"open","ping_status":"open","sticky":false,"template":"","format":"standard","meta":{"tdm_status":"","tdm_grid_status":"","footnotes":""},"categories":[22,343],"tags":[],"class_list":{"0":"post-8405","1":"post","2":"type-post","3":"status-publish","4":"format-standard","6":"category-brasil","7":"category-televisao"},"_links":{"self":[{"href":"https:\/\/migracao.redenoticia.com.br\/noticia\/wp-json\/wp\/v2\/posts\/8405","targetHints":{"allow":["GET"]}}],"collection":[{"href":"https:\/\/migracao.redenoticia.com.br\/noticia\/wp-json\/wp\/v2\/posts"}],"about":[{"href":"https:\/\/migracao.redenoticia.com.br\/noticia\/wp-json\/wp\/v2\/types\/post"}],"author":[{"embeddable":true,"href":"https:\/\/migracao.redenoticia.com.br\/noticia\/wp-json\/wp\/v2\/users\/3"}],"replies":[{"embeddable":true,"href":"https:\/\/migracao.redenoticia.com.br\/noticia\/wp-json\/wp\/v2\/comments?post=8405"}],"version-history":[{"count":0,"href":"https:\/\/migracao.redenoticia.com.br\/noticia\/wp-json\/wp\/v2\/posts\/8405\/revisions"}],"wp:attachment":[{"href":"https:\/\/migracao.redenoticia.com.br\/noticia\/wp-json\/wp\/v2\/media?parent=8405"}],"wp:term":[{"taxonomy":"category","embeddable":true,"href":"https:\/\/migracao.redenoticia.com.br\/noticia\/wp-json\/wp\/v2\/categories?post=8405"},{"taxonomy":"post_tag","embeddable":true,"href":"https:\/\/migracao.redenoticia.com.br\/noticia\/wp-json\/wp\/v2\/tags?post=8405"}],"curies":[{"name":"wp","href":"https:\/\/api.w.org\/{rel}","templated":true}]}}