{"id":84064,"date":"2016-04-10T16:18:46","date_gmt":"2016-04-10T19:18:46","guid":{"rendered":"http:\/\/www.redenoticia.com.br\/noticia\/?p=84064"},"modified":"2016-04-10T16:28:32","modified_gmt":"2016-04-10T19:28:32","slug":"novela-cuidado-com-o-anjo-resumo-1104-malu-quer-recuperar-a-visao","status":"publish","type":"post","link":"https:\/\/migracao.redenoticia.com.br\/noticia\/2016\/novela-cuidado-com-o-anjo-resumo-1104-malu-quer-recuperar-a-visao\/84064","title":{"rendered":"Novela \u201cCuidado com o Anjo\u201d resumo 11\/04: Mal\u00fa quer recuperar a vis\u00e3o"},"content":{"rendered":"<p> <img loading=\"lazy\" decoding=\"async\" class=\"alignleft size-thumbnail wp-image-82049\" src=\"https:\/\/migracao.redenoticia.com.br\/noticia\/imagens\/cuidado-com-o-anjo-novela-resumo-capitulo-sbt-episodio-150x112.jpg\" alt=\"cuidado com o anjo novela resumo capitulo sbt episodio\" width=\"150\" height=\"112\" srcset=\"https:\/\/migracao.redenoticia.com.br\/noticia\/imagens\/cuidado-com-o-anjo-novela-resumo-capitulo-sbt-episodio-150x112.jpg 150w, https:\/\/migracao.redenoticia.com.br\/noticia\/imagens\/cuidado-com-o-anjo-novela-resumo-capitulo-sbt-episodio-265x198.jpg 265w\" sizes=\"auto, (max-width: 150px) 100vw, 150px\" \/><strong><em>Novela \u201cCuidado com o Anjo\u201d resumo 11\/04<\/em><\/strong>: em conversa com seu pai, Mal\u00fa conta que Ana J\u00falia falou sobre a sua cegueira. Patr\u00edcio explica que \u00e9 uma cirurgia muito arriscada e que pode ter consequ\u00eancias fatais. Mal\u00fa diz que est\u00e1 disposta a correr todos os riscos para recuperar a vis\u00e3o. Depois, Patr\u00edcio conversa com Ana J\u00falia e a critica por ter contado a verdade a Mal\u00fa, e por permitir que Jo\u00e3o Miguel entrasse em seu quarto.    <\/p>\n<p>No capitulo 096(*), novela \u201cCuidado com o Anjo\u201d, segunda-feira, 11 de abril \u2013 Ana J\u00falia tenta se transformar na confidente de Jo\u00e3o Miguel para ganhar sua confian\u00e7a e conseguir que ele esque\u00e7a Mal\u00fa definitivamente. Candel\u00e1ria comenta com Cec\u00edlia que n\u00e3o confia em Ana J\u00falia. <\/p>\n<p>Mal\u00fa conversa com o pai e admite que Ana J\u00falia lhe contou a verdade sobre sua cegueira. Patr\u00edcio explica que sua \u00fanica chance de recuperar a vis\u00e3o \u00e9 se submetendo a uma cirurgia muito arriscada que pode ter consequ\u00eancias fatais, ela diz ao pai que est\u00e1 disposta a correr todos os riscos para recuperar a vis\u00e3o. <\/p>\n<p>Patr\u00edcio critica Ana J\u00falia por ter contado a verdade a Mal\u00fa e por permitir que Jo\u00e3o Miguel entrasse em seu quarto. O m\u00e9dico diz a Patr\u00edcio que dar\u00e1 alta a Mal\u00fa por que j\u00e1 n\u00e3o h\u00e1 nada que possa ser feito por ela. Preocupado, ele sabe que a \u00fanica op\u00e7\u00e3o para sua filha \u00e9 submeter-se a uma arriscada cirurgia.<\/p>\n<p>(*) edi\u00e7\u00e3o do SBT, Novela \u201cCuidado com o Anjo\u201d, sujeito a altera\u00e7\u00e3o de data e conte\u00fado.<\/p>\n","protected":false},"excerpt":{"rendered":"<p>Novela \u201cCuidado com o Anjo\u201d resumo 11\/04: em conversa com seu pai, Mal\u00fa conta que Ana J\u00falia falou sobre a sua cegueira. Patr\u00edcio explica que \u00e9 uma cirurgia muito arriscada e que pode ter consequ\u00eancias fatais. Mal\u00fa diz que est\u00e1 disposta a correr todos os riscos para recuperar a vis\u00e3o. Depois, Patr\u00edcio conversa com Ana [&hellip;]<\/p>\n","protected":false},"author":2,"featured_media":82049,"comment_status":"open","ping_status":"closed","sticky":false,"template":"","format":"standard","meta":{"tdm_status":"","tdm_grid_status":"","footnotes":""},"categories":[379,372,343],"tags":[441],"class_list":{"0":"post-84064","1":"post","2":"type-post","3":"status-publish","4":"format-standard","5":"has-post-thumbnail","7":"category-novelas","8":"category-sbt","9":"category-televisao","10":"tag-resumo-do-dia"},"_links":{"self":[{"href":"https:\/\/migracao.redenoticia.com.br\/noticia\/wp-json\/wp\/v2\/posts\/84064","targetHints":{"allow":["GET"]}}],"collection":[{"href":"https:\/\/migracao.redenoticia.com.br\/noticia\/wp-json\/wp\/v2\/posts"}],"about":[{"href":"https:\/\/migracao.redenoticia.com.br\/noticia\/wp-json\/wp\/v2\/types\/post"}],"author":[{"embeddable":true,"href":"https:\/\/migracao.redenoticia.com.br\/noticia\/wp-json\/wp\/v2\/users\/2"}],"replies":[{"embeddable":true,"href":"https:\/\/migracao.redenoticia.com.br\/noticia\/wp-json\/wp\/v2\/comments?post=84064"}],"version-history":[{"count":0,"href":"https:\/\/migracao.redenoticia.com.br\/noticia\/wp-json\/wp\/v2\/posts\/84064\/revisions"}],"wp:featuredmedia":[{"embeddable":true,"href":"https:\/\/migracao.redenoticia.com.br\/noticia\/wp-json\/wp\/v2\/media\/82049"}],"wp:attachment":[{"href":"https:\/\/migracao.redenoticia.com.br\/noticia\/wp-json\/wp\/v2\/media?parent=84064"}],"wp:term":[{"taxonomy":"category","embeddable":true,"href":"https:\/\/migracao.redenoticia.com.br\/noticia\/wp-json\/wp\/v2\/categories?post=84064"},{"taxonomy":"post_tag","embeddable":true,"href":"https:\/\/migracao.redenoticia.com.br\/noticia\/wp-json\/wp\/v2\/tags?post=84064"}],"curies":[{"name":"wp","href":"https:\/\/api.w.org\/{rel}","templated":true}]}}