{"id":84070,"date":"2016-04-10T16:22:18","date_gmt":"2016-04-10T19:22:18","guid":{"rendered":"http:\/\/www.redenoticia.com.br\/noticia\/?p=84070"},"modified":"2016-04-10T16:27:26","modified_gmt":"2016-04-10T19:27:26","slug":"novela-meu-coracao-e-teu-resumo-1104-diego-manda-flores-para-ana","status":"publish","type":"post","link":"https:\/\/migracao.redenoticia.com.br\/noticia\/2016\/novela-meu-coracao-e-teu-resumo-1104-diego-manda-flores-para-ana\/84070","title":{"rendered":"Novela \u201cMeu Cora\u00e7\u00e3o \u00e9 Teu\u201d resumo 11\/04: Diego manda flores para Ana"},"content":{"rendered":"<p> <img loading=\"lazy\" decoding=\"async\" class=\"alignleft size-thumbnail wp-image-82119\" src=\"https:\/\/migracao.redenoticia.com.br\/noticia\/imagens\/meu_coracao_e_teu_novela_resumo_sbt-150x112.jpg\" alt=\"meu_coracao_e_teu_novela_resumo_sbt\" width=\"150\" height=\"112\" srcset=\"https:\/\/migracao.redenoticia.com.br\/noticia\/imagens\/meu_coracao_e_teu_novela_resumo_sbt-150x112.jpg 150w, https:\/\/migracao.redenoticia.com.br\/noticia\/imagens\/meu_coracao_e_teu_novela_resumo_sbt-265x198.jpg 265w\" sizes=\"auto, (max-width: 150px) 100vw, 150px\" \/><strong><em>Novela \u201cMeu Cora\u00e7\u00e3o \u00e9 Teu\u201d resumo 11\/04<\/em><\/strong>: Diego procura o dono da Chicago para tentar pagar a d\u00edvida de Ana e \u00e9 mal recebido. Mais tarde, ele manda um buqu\u00ea de flores para Ana. Quando se encontram, Ana diz que est\u00e1 chateada com ele porque j\u00e1 havia lhe avisado para n\u00e3o se intrometer em nada que tiver a ver com dinheiro. Diego diz que s\u00f3 queria ajud\u00e1-la, mas de agora em diante n\u00e3o vai mais se meter em suas coisas.<\/p>\n<p>No cap\u00edtulo 031 (*), novela \u201cMeu Cora\u00e7\u00e3o \u00e9 Teu\u201d, segunda-feira, 11 de abril \u2013 Ana recebe um buqu\u00ea de flores de Diego. Manuela diz a Ana que seguiu Bruno e viu que ele entrou em um lugar muito feio. Leon pensa que o melhor ser\u00e1 contar de uma vez por todas a verdade a Fanny, antes que T\u00e2mara o fa\u00e7a. Ent\u00e3o Leon manda uma mensagem para o celular de Fanny e eles ficam de se encontrar mais tarde. <\/p>\n<p>Jennifer e Johnny v\u00e3o ver Ricardo, amigo de Nicolas. Quando Bruno volta a mans\u00e3o Manuela se assusta ao ver sangue em suas m\u00e3os, mas ele rapidamente esclarece que \u00e9 apenas tinta vermelha. Ana, chateada, diz a Diego que j\u00e1 havia avisado que n\u00e3o quer que ele intrometa em nada que tiver a ver com dinheiro. Diego diz que s\u00f3 queria ajud\u00e1-la, mas de agora em diante n\u00e3o ir\u00e1 mais se meter em suas coisas. <\/p>\n<p>Fanny diz a seu pai que est\u00e1 desesperada porque n\u00e3o sabe o que est\u00e1 acontecendo com Leon. Fernando diz a Fanny que ama Ana, mas se casou com Isabela porque sua prioridade sempre ser\u00e3o seus filhos, e ela espera um filho dele.<\/p>\n<p>(*) edi\u00e7\u00e3o do SBT, Novela \u201cMeu Cora\u00e7\u00e3o \u00e9 Teu\u201d, sujeito a altera\u00e7\u00e3o de data e conte\u00fado.<\/p>\n","protected":false},"excerpt":{"rendered":"<p>Novela \u201cMeu Cora\u00e7\u00e3o \u00e9 Teu\u201d resumo 11\/04: Diego procura o dono da Chicago para tentar pagar a d\u00edvida de Ana e \u00e9 mal recebido. Mais tarde, ele manda um buqu\u00ea de flores para Ana. Quando se encontram, Ana diz que est\u00e1 chateada com ele porque j\u00e1 havia lhe avisado para n\u00e3o se intrometer em nada [&hellip;]<\/p>\n","protected":false},"author":2,"featured_media":82119,"comment_status":"open","ping_status":"closed","sticky":false,"template":"","format":"standard","meta":{"tdm_status":"","tdm_grid_status":"","footnotes":""},"categories":[379,372,343],"tags":[441],"class_list":{"0":"post-84070","1":"post","2":"type-post","3":"status-publish","4":"format-standard","5":"has-post-thumbnail","7":"category-novelas","8":"category-sbt","9":"category-televisao","10":"tag-resumo-do-dia"},"_links":{"self":[{"href":"https:\/\/migracao.redenoticia.com.br\/noticia\/wp-json\/wp\/v2\/posts\/84070","targetHints":{"allow":["GET"]}}],"collection":[{"href":"https:\/\/migracao.redenoticia.com.br\/noticia\/wp-json\/wp\/v2\/posts"}],"about":[{"href":"https:\/\/migracao.redenoticia.com.br\/noticia\/wp-json\/wp\/v2\/types\/post"}],"author":[{"embeddable":true,"href":"https:\/\/migracao.redenoticia.com.br\/noticia\/wp-json\/wp\/v2\/users\/2"}],"replies":[{"embeddable":true,"href":"https:\/\/migracao.redenoticia.com.br\/noticia\/wp-json\/wp\/v2\/comments?post=84070"}],"version-history":[{"count":0,"href":"https:\/\/migracao.redenoticia.com.br\/noticia\/wp-json\/wp\/v2\/posts\/84070\/revisions"}],"wp:featuredmedia":[{"embeddable":true,"href":"https:\/\/migracao.redenoticia.com.br\/noticia\/wp-json\/wp\/v2\/media\/82119"}],"wp:attachment":[{"href":"https:\/\/migracao.redenoticia.com.br\/noticia\/wp-json\/wp\/v2\/media?parent=84070"}],"wp:term":[{"taxonomy":"category","embeddable":true,"href":"https:\/\/migracao.redenoticia.com.br\/noticia\/wp-json\/wp\/v2\/categories?post=84070"},{"taxonomy":"post_tag","embeddable":true,"href":"https:\/\/migracao.redenoticia.com.br\/noticia\/wp-json\/wp\/v2\/tags?post=84070"}],"curies":[{"name":"wp","href":"https:\/\/api.w.org\/{rel}","templated":true}]}}