{"id":84087,"date":"2016-04-10T16:36:28","date_gmt":"2016-04-10T19:36:28","guid":{"rendered":"http:\/\/www.redenoticia.com.br\/noticia\/?p=84087"},"modified":"2016-04-10T16:36:28","modified_gmt":"2016-04-10T19:36:28","slug":"novela-anjo-mau-resumo-1104-teresa-flagra-paula-e-ricardo-se-beijando","status":"publish","type":"post","link":"https:\/\/migracao.redenoticia.com.br\/noticia\/2016\/novela-anjo-mau-resumo-1104-teresa-flagra-paula-e-ricardo-se-beijando\/84087","title":{"rendered":"Novela \u201cAnjo Mau\u201d resumo 11\/04: Teresa flagra Paula e Ricardo se beijando"},"content":{"rendered":"<p> <img loading=\"lazy\" decoding=\"async\" class=\"alignleft size-thumbnail wp-image-83094\" src=\"https:\/\/migracao.redenoticia.com.br\/noticia\/imagens\/anjo_mau_novela_resumo-150x112.jpg\" alt=\"anjo_mau_novela_resumo\" width=\"150\" height=\"112\" srcset=\"https:\/\/migracao.redenoticia.com.br\/noticia\/imagens\/anjo_mau_novela_resumo-150x112.jpg 150w, https:\/\/migracao.redenoticia.com.br\/noticia\/imagens\/anjo_mau_novela_resumo-265x198.jpg 265w\" sizes=\"auto, (max-width: 150px) 100vw, 150px\" \/><strong><em>Novela \u201cAnjo Mau\u201d resumo 11\/04<\/em><\/strong>: no hospital, Eduardo est\u00e1 muito mal. Ele chama os filhos, se despede e morre. Os filhos ficam inconsol\u00e1veis. Passa um tempo e Teresa sugere a Stela que Paula e Rodrigo se casem logo. Depois de escutar Ricardo e Paula marcando um encontro, Nice conta para Tereza o que ouviu. Teresa flagra Paula e Ricardo se beijando.<\/p>\n<p>No capitulo 090(*), novela \u201cAnjo Mau\u201d, segunda-feira, 11 de abril \u2013 Helena n\u00e3o gosta de ver Elisinha conversando com Rui. Eduardo chama os filhos, se despede e morre. Passa-se um m\u00eas. Os filhos de Eduardo v\u00e3o \u00e0 missa de um m\u00eas do falecimento do pai e voltam para casa arrasados. <\/p>\n<p>Helena consola Ricardo. Nice conta a Rodrigo que tamb\u00e9m \u00e9 \u00f3rf\u00e3 e que sente falta de ter algu\u00e9m que a ame. Come\u00e7am as aulas de Vivian e Simone na faculdade. Teresa sugere a Stela que Paula e Rodrigo se casem logo. Nice ouve Paula e Ricardo marcarem um encontro no museu. <\/p>\n<p>Nice conta a Teresa que Paula vai se encontrar com Ricardo. Goreti fica furiosa ao ver Simone participar da brincadeira dos calouros. Helena vai \u00e0 oficina de J\u00falio. Teresa flagra Paula e Ricardo se beijando.<\/p>\n<p>(*) edi\u00e7\u00e3o da Rede Globo, Novela \u201cAnjo Mau\u201d, sujeito a altera\u00e7\u00e3o de data e conte\u00fado.<\/p>\n","protected":false},"excerpt":{"rendered":"<p>Novela \u201cAnjo Mau\u201d resumo 11\/04: no hospital, Eduardo est\u00e1 muito mal. Ele chama os filhos, se despede e morre. Os filhos ficam inconsol\u00e1veis. Passa um tempo e Teresa sugere a Stela que Paula e Rodrigo se casem logo. Depois de escutar Ricardo e Paula marcando um encontro, Nice conta para Tereza o que ouviu. Teresa [&hellip;]<\/p>\n","protected":false},"author":2,"featured_media":83094,"comment_status":"open","ping_status":"closed","sticky":false,"template":"","format":"standard","meta":{"tdm_status":"","tdm_grid_status":"","footnotes":""},"categories":[379,375,343],"tags":[441],"class_list":{"0":"post-84087","1":"post","2":"type-post","3":"status-publish","4":"format-standard","5":"has-post-thumbnail","7":"category-novelas","8":"category-rede-globo","9":"category-televisao","10":"tag-resumo-do-dia"},"_links":{"self":[{"href":"https:\/\/migracao.redenoticia.com.br\/noticia\/wp-json\/wp\/v2\/posts\/84087","targetHints":{"allow":["GET"]}}],"collection":[{"href":"https:\/\/migracao.redenoticia.com.br\/noticia\/wp-json\/wp\/v2\/posts"}],"about":[{"href":"https:\/\/migracao.redenoticia.com.br\/noticia\/wp-json\/wp\/v2\/types\/post"}],"author":[{"embeddable":true,"href":"https:\/\/migracao.redenoticia.com.br\/noticia\/wp-json\/wp\/v2\/users\/2"}],"replies":[{"embeddable":true,"href":"https:\/\/migracao.redenoticia.com.br\/noticia\/wp-json\/wp\/v2\/comments?post=84087"}],"version-history":[{"count":0,"href":"https:\/\/migracao.redenoticia.com.br\/noticia\/wp-json\/wp\/v2\/posts\/84087\/revisions"}],"wp:featuredmedia":[{"embeddable":true,"href":"https:\/\/migracao.redenoticia.com.br\/noticia\/wp-json\/wp\/v2\/media\/83094"}],"wp:attachment":[{"href":"https:\/\/migracao.redenoticia.com.br\/noticia\/wp-json\/wp\/v2\/media?parent=84087"}],"wp:term":[{"taxonomy":"category","embeddable":true,"href":"https:\/\/migracao.redenoticia.com.br\/noticia\/wp-json\/wp\/v2\/categories?post=84087"},{"taxonomy":"post_tag","embeddable":true,"href":"https:\/\/migracao.redenoticia.com.br\/noticia\/wp-json\/wp\/v2\/tags?post=84087"}],"curies":[{"name":"wp","href":"https:\/\/api.w.org\/{rel}","templated":true}]}}