{"id":84089,"date":"2016-04-10T16:38:02","date_gmt":"2016-04-10T19:38:02","guid":{"rendered":"http:\/\/www.redenoticia.com.br\/noticia\/?p=84089"},"modified":"2016-04-10T16:38:02","modified_gmt":"2016-04-10T19:38:02","slug":"novela-malhacao-resumo-1104-krica-quer-conhecer-erick","status":"publish","type":"post","link":"https:\/\/migracao.redenoticia.com.br\/noticia\/2016\/novela-malhacao-resumo-1104-krica-quer-conhecer-erick\/84089","title":{"rendered":"Novela \u201cMalha\u00e7\u00e3o\u201d resumo 11\/04: Krica quer conhecer Erick"},"content":{"rendered":"<p> <img loading=\"lazy\" decoding=\"async\" class=\"alignleft size-thumbnail wp-image-72511\" src=\"https:\/\/migracao.redenoticia.com.br\/noticia\/imagens\/malhacao_seu_lugar_no_mundo-150x112.jpg\" alt=\"malhacao_seu_lugar_no_mundo\" width=\"150\" height=\"112\" srcset=\"https:\/\/migracao.redenoticia.com.br\/noticia\/imagens\/malhacao_seu_lugar_no_mundo-150x112.jpg 150w, https:\/\/migracao.redenoticia.com.br\/noticia\/imagens\/malhacao_seu_lugar_no_mundo-265x198.jpg 265w\" sizes=\"auto, (max-width: 150px) 100vw, 150px\" \/><strong><em>Novela \u201cMalha\u00e7\u00e3o\u201d resumo 11\/04<\/em><\/strong>: desde que Krica (Cynthia Senek) terminou com Glauco (Bruno Montaleone) e Cleyton (Nego do Borel), a gata est\u00e1 atr\u00e1s de um novo amor. Para isso, ela criou um perfil em um aplicativo de namoro e j\u00e1 fisgou um gato! Pelo menos \u00e9 o que ela pensa&#8230; Esse boy \u00e9 uma cria\u00e7\u00e3o dos ex-namorados dela, s\u00f3 para dar uma zoada b\u00e1sica! Claro que Krica corre para contar a novidade para Tain\u00e1 (Lara Coutinho) e BB (Paulo Hebrom): &#8220;O que eu gostei nesse cara, nem foi tanto a foto, foi mais a personalidade dele. Ele gosta das mesmas coisas que eu gosto&#8221;. E o amigo d\u00e1 maior for\u00e7a: &#8220;Voc\u00ea n\u00e3o acha que j\u00e1 t\u00e1 na hora de marcar um encontro ao vivo, com ele?&#8221;. Krica concorda e manda uma mensagem dizendo: &#8220;Quero te conhecer&#8221;. <\/p>\n<p>No capitulo 169(*), novela \u201cMalha\u00e7\u00e3o\u201d, segunda-feira, 11 de abril \u2013 Samurai e Ci\u00e7a trocam ofensas e amea\u00e7as. Tito se insinua para Ana. Nanda tenta consolar Luciana, que sofre com o fim do namoro com Rodrigo. Krica envia mensagens para Erick, sem saber que \u00e9 um perfil criado por Glauco e Cleiton. <\/p>\n<p>Vera se aproxima de Beto e L\u00edvia se incomoda. Nanda decide vender lingeries para ajudar a pagar o conserto da motocicleta de Samurai e Filipe teme a rea\u00e7\u00e3o do chefe. Luciana pede para conversar com Rodrigo e Sueli e Jorge se preocupam. <\/p>\n<p>Miguel discute com Ana por causa de Ci\u00e7a e Rodriguinho. Luciana e Rodrigo se encontram. Ci\u00e7a afirma que pode encontrar Pedro e prop\u00f5e que Tito a ajude a se livrar de Samurai.<\/p>\n<p>(*) edi\u00e7\u00e3o da Rede Globo, Novela \u201cMalha\u00e7\u00e3o\u201d, sujeito a altera\u00e7\u00e3o de data e conte\u00fado.<\/p>\n","protected":false},"excerpt":{"rendered":"<p>Novela \u201cMalha\u00e7\u00e3o\u201d resumo 11\/04: desde que Krica (Cynthia Senek) terminou com Glauco (Bruno Montaleone) e Cleyton (Nego do Borel), a gata est\u00e1 atr\u00e1s de um novo amor. Para isso, ela criou um perfil em um aplicativo de namoro e j\u00e1 fisgou um gato! Pelo menos \u00e9 o que ela pensa&#8230; Esse boy \u00e9 uma cria\u00e7\u00e3o [&hellip;]<\/p>\n","protected":false},"author":2,"featured_media":72511,"comment_status":"open","ping_status":"closed","sticky":false,"template":"","format":"standard","meta":{"tdm_status":"","tdm_grid_status":"","footnotes":""},"categories":[379,375,343],"tags":[441],"class_list":{"0":"post-84089","1":"post","2":"type-post","3":"status-publish","4":"format-standard","5":"has-post-thumbnail","7":"category-novelas","8":"category-rede-globo","9":"category-televisao","10":"tag-resumo-do-dia"},"_links":{"self":[{"href":"https:\/\/migracao.redenoticia.com.br\/noticia\/wp-json\/wp\/v2\/posts\/84089","targetHints":{"allow":["GET"]}}],"collection":[{"href":"https:\/\/migracao.redenoticia.com.br\/noticia\/wp-json\/wp\/v2\/posts"}],"about":[{"href":"https:\/\/migracao.redenoticia.com.br\/noticia\/wp-json\/wp\/v2\/types\/post"}],"author":[{"embeddable":true,"href":"https:\/\/migracao.redenoticia.com.br\/noticia\/wp-json\/wp\/v2\/users\/2"}],"replies":[{"embeddable":true,"href":"https:\/\/migracao.redenoticia.com.br\/noticia\/wp-json\/wp\/v2\/comments?post=84089"}],"version-history":[{"count":0,"href":"https:\/\/migracao.redenoticia.com.br\/noticia\/wp-json\/wp\/v2\/posts\/84089\/revisions"}],"wp:featuredmedia":[{"embeddable":true,"href":"https:\/\/migracao.redenoticia.com.br\/noticia\/wp-json\/wp\/v2\/media\/72511"}],"wp:attachment":[{"href":"https:\/\/migracao.redenoticia.com.br\/noticia\/wp-json\/wp\/v2\/media?parent=84089"}],"wp:term":[{"taxonomy":"category","embeddable":true,"href":"https:\/\/migracao.redenoticia.com.br\/noticia\/wp-json\/wp\/v2\/categories?post=84089"},{"taxonomy":"post_tag","embeddable":true,"href":"https:\/\/migracao.redenoticia.com.br\/noticia\/wp-json\/wp\/v2\/tags?post=84089"}],"curies":[{"name":"wp","href":"https:\/\/api.w.org\/{rel}","templated":true}]}}