{"id":84093,"date":"2016-04-10T16:40:37","date_gmt":"2016-04-10T19:40:37","guid":{"rendered":"http:\/\/www.redenoticia.com.br\/noticia\/?p=84093"},"modified":"2016-04-10T16:40:37","modified_gmt":"2016-04-10T19:40:37","slug":"novela-liberdade-liberdade-resumo-1104-tiradentes-e-condenado-a-morte","status":"publish","type":"post","link":"https:\/\/migracao.redenoticia.com.br\/noticia\/2016\/novela-liberdade-liberdade-resumo-1104-tiradentes-e-condenado-a-morte\/84093","title":{"rendered":"Novela \u201cLiberdade, Liberdade\u201d resumo 11\/04: Tiradentes \u00e9 condenado \u00e0 morte"},"content":{"rendered":"<p> <img loading=\"lazy\" decoding=\"async\" class=\"alignleft size-thumbnail wp-image-84052\" src=\"https:\/\/migracao.redenoticia.com.br\/noticia\/imagens\/novela_liberdade_globo_resumo-150x112.jpg\" alt=\"novela_liberdade_globo_resumo\" width=\"150\" height=\"112\" srcset=\"https:\/\/migracao.redenoticia.com.br\/noticia\/imagens\/novela_liberdade_globo_resumo-150x112.jpg 150w, https:\/\/migracao.redenoticia.com.br\/noticia\/imagens\/novela_liberdade_globo_resumo-265x198.jpg 265w\" sizes=\"auto, (max-width: 150px) 100vw, 150px\" \/><strong><em>Novela \u201cLiberdade, Liberdade\u201d resumo 11\/04:<\/em><\/strong> s\u00e9culo XVIII, Brasil, Capitania de Minas Gerais, Vila Rica \u00e9poca em que os inconfidentes querem libertar o Brasil da Coroa Portuguesa. Tiradentes \u00e9 o grande l\u00edder desta empreitada. Para impor o seu poder, a Rainha Maria I manda executar os brasileiros que tramam contra a Coroa portuguesa. <\/p>\n<p>Tiradentes (Thiago  Lacerda) e seu aliado inconfidente, Jos\u00e9 Maria Rubi\u00e3o (Mateus Solano), foram presos por guardas da Coroa Portuguesa quando estavam no bordel de Virg\u00ednia (Lilia Cabral), em Vila Rica. Na estrada, Joaquina (Mel Maia) e Ant\u00f4nia (Let\u00edcia Sabatella) caminham quando, ao ouvirem um destacamento se aproximando, se escondem. S\u00e3o os guardas portugueses levando Tiradentes e Rubi\u00e3o para o Rio de Janeiro. A garota se desespera ao ver o pai, junto com outro homem, ser levado como priosioneiro. &#8220;O pai!\u201d, diz. Antes que possa tomar qualquer outra atitude, Ant\u00f4nia tapa sua boca e a segura contra seu corpo, impedindo que ela fale ou se mova. Ant\u00f4nia sabe que, agora, Joaquina tamb\u00e9m corre risco de vida, pois \u00e9 filha do traidor da Coroa. Escondidas, as duas veem Tiradentes ser levado. Tiradentes \u00e9 condenado \u00e0 morte.<\/p>\n<p>No capitulo 001 (*), novela \u201cLiberdade, Liberdade\u201d, segunda-feira, 11 de abril \u2013 Maia\/Vendek entrega um livro a Tiradentes em sigilo. Tiradentes escapa de um atentado. Tiradentes e Gonzaga escondem o livro. Rubi\u00e3o entrega um saco de ouro a Ant\u00f4nia, que o esconde, sem perceber que \u00e9 observada por Joaquina. <\/p>\n<p>M\u00e3o de Luva rouba o livro de Tiradentes. Ant\u00f4nia processa Tiradentes e resgata Santina. A rainha Maria I exige que se executem os brasileiros que tramam contra a Coroa portuguesa. <\/p>\n<p>Tiradentes e Virg\u00ednia conversam sobre a independ\u00eancia brasileira. Capit\u00e3o Tolentino apreende Rubi\u00e3o e Tiradentes. Tiradentes \u00e9 condenado \u00e0 morte. Joaquina testemunha o enforcamento de Tiradentes.<\/p>\n<p>(*) edi\u00e7\u00e3o da Rede Globo, Novela \u201cLiberdade, Liberdade\u201d, sujeito a altera\u00e7\u00e3o de data e conte\u00fado.<\/p>\n","protected":false},"excerpt":{"rendered":"<p>Novela \u201cLiberdade, Liberdade\u201d resumo 11\/04: s\u00e9culo XVIII, Brasil, Capitania de Minas Gerais, Vila Rica \u00e9poca em que os inconfidentes querem libertar o Brasil da Coroa Portuguesa. Tiradentes \u00e9 o grande l\u00edder desta empreitada. Para impor o seu poder, a Rainha Maria I manda executar os brasileiros que tramam contra a Coroa portuguesa. Tiradentes (Thiago Lacerda) [&hellip;]<\/p>\n","protected":false},"author":2,"featured_media":84052,"comment_status":"open","ping_status":"closed","sticky":false,"template":"","format":"standard","meta":{"tdm_status":"","tdm_grid_status":"","footnotes":""},"categories":[379,375,343],"tags":[441],"class_list":{"0":"post-84093","1":"post","2":"type-post","3":"status-publish","4":"format-standard","5":"has-post-thumbnail","7":"category-novelas","8":"category-rede-globo","9":"category-televisao","10":"tag-resumo-do-dia"},"_links":{"self":[{"href":"https:\/\/migracao.redenoticia.com.br\/noticia\/wp-json\/wp\/v2\/posts\/84093","targetHints":{"allow":["GET"]}}],"collection":[{"href":"https:\/\/migracao.redenoticia.com.br\/noticia\/wp-json\/wp\/v2\/posts"}],"about":[{"href":"https:\/\/migracao.redenoticia.com.br\/noticia\/wp-json\/wp\/v2\/types\/post"}],"author":[{"embeddable":true,"href":"https:\/\/migracao.redenoticia.com.br\/noticia\/wp-json\/wp\/v2\/users\/2"}],"replies":[{"embeddable":true,"href":"https:\/\/migracao.redenoticia.com.br\/noticia\/wp-json\/wp\/v2\/comments?post=84093"}],"version-history":[{"count":0,"href":"https:\/\/migracao.redenoticia.com.br\/noticia\/wp-json\/wp\/v2\/posts\/84093\/revisions"}],"wp:featuredmedia":[{"embeddable":true,"href":"https:\/\/migracao.redenoticia.com.br\/noticia\/wp-json\/wp\/v2\/media\/84052"}],"wp:attachment":[{"href":"https:\/\/migracao.redenoticia.com.br\/noticia\/wp-json\/wp\/v2\/media?parent=84093"}],"wp:term":[{"taxonomy":"category","embeddable":true,"href":"https:\/\/migracao.redenoticia.com.br\/noticia\/wp-json\/wp\/v2\/categories?post=84093"},{"taxonomy":"post_tag","embeddable":true,"href":"https:\/\/migracao.redenoticia.com.br\/noticia\/wp-json\/wp\/v2\/tags?post=84093"}],"curies":[{"name":"wp","href":"https:\/\/api.w.org\/{rel}","templated":true}]}}