{"id":84095,"date":"2016-04-10T16:44:04","date_gmt":"2016-04-10T19:44:04","guid":{"rendered":"http:\/\/www.redenoticia.com.br\/noticia\/?p=84095"},"modified":"2016-04-10T16:44:04","modified_gmt":"2016-04-10T19:44:04","slug":"novela-totalmente-demais-resumo-1104-sofia-engana-germano","status":"publish","type":"post","link":"https:\/\/migracao.redenoticia.com.br\/noticia\/2016\/novela-totalmente-demais-resumo-1104-sofia-engana-germano\/84095","title":{"rendered":"Novela \u201cTotalmente Demais\u201d resumo 11\/04: Sofia engana Germano"},"content":{"rendered":"<p> <strong><em><img loading=\"lazy\" decoding=\"async\" class=\"alignleft size-thumbnail wp-image-76581\" src=\"https:\/\/migracao.redenoticia.com.br\/noticia\/imagens\/totalmente_demais_novela_resumo_globo-150x112.jpg\" alt=\"totalmente_demais_novela_resumo_globo\" width=\"150\" height=\"112\" srcset=\"https:\/\/migracao.redenoticia.com.br\/noticia\/imagens\/totalmente_demais_novela_resumo_globo-150x112.jpg 150w, https:\/\/migracao.redenoticia.com.br\/noticia\/imagens\/totalmente_demais_novela_resumo_globo-265x198.jpg 265w\" sizes=\"auto, (max-width: 150px) 100vw, 150px\" \/>Novela \u201cTotalmente Demais\u201d resumo 11\/04<\/em><\/strong>: h\u00e1 dois anos Germano (Humberto Martins) sofre com a perda da filha, assim como toda a fam\u00edlia de Sofia (Priscila Steinman). Cara a cara com a garota que ele jurava estar morta, o presidente da Bastille se aproxima, ainda perplexo, mas sem poder deixar que a menina v\u00e1 embora mais uma vez.<\/p>\n<p>Sofia finge n\u00e3o lembrar de nada e age com certa desconfian\u00e7a, como se n\u00e3o conhecesse o pr\u00f3prio pai. Os dois param para conversar em um caf\u00e9, onde a jovem diz que vive de trabalhos tempor\u00e1rios e em seguida parece passar mal, amea\u00e7ando desmaiar. Quando a garota come\u00e7a a chorar, Germano decide lev\u00e1-la para casa.<\/p>\n<p>No capitulo 133 (*), novela \u201cTotalmente Demais\u201d, segunda-feira, 11 de abril \u2013 Germano ampara Sofia, que finge passar mal, e a leva para a mans\u00e3o da fam\u00edlia. <\/p>\n<p>Sofia inventa \u00e0 fam\u00edlia que est\u00e1 come\u00e7ando a se lembrar do acidente e pergunta por Rafael. Euz\u00e9bia comenta com Silas que desconfia de que Sofia esteja mentindo. <\/p>\n<p>Rafael se surpreende quando Sofia o abra\u00e7a, chamando-o de noivo.<\/p>\n<p>(*) edi\u00e7\u00e3o da Rede Globo, Novela \u201cTotalmente Demais\u201d, sujeito a altera\u00e7\u00e3o de data e conte\u00fado.<\/p>\n","protected":false},"excerpt":{"rendered":"<p>Novela \u201cTotalmente Demais\u201d resumo 11\/04: h\u00e1 dois anos Germano (Humberto Martins) sofre com a perda da filha, assim como toda a fam\u00edlia de Sofia (Priscila Steinman). Cara a cara com a garota que ele jurava estar morta, o presidente da Bastille se aproxima, ainda perplexo, mas sem poder deixar que a menina v\u00e1 embora mais [&hellip;]<\/p>\n","protected":false},"author":2,"featured_media":77339,"comment_status":"open","ping_status":"closed","sticky":false,"template":"","format":"standard","meta":{"tdm_status":"","tdm_grid_status":"","footnotes":""},"categories":[379,375,343],"tags":[441],"class_list":{"0":"post-84095","1":"post","2":"type-post","3":"status-publish","4":"format-standard","5":"has-post-thumbnail","7":"category-novelas","8":"category-rede-globo","9":"category-televisao","10":"tag-resumo-do-dia"},"_links":{"self":[{"href":"https:\/\/migracao.redenoticia.com.br\/noticia\/wp-json\/wp\/v2\/posts\/84095","targetHints":{"allow":["GET"]}}],"collection":[{"href":"https:\/\/migracao.redenoticia.com.br\/noticia\/wp-json\/wp\/v2\/posts"}],"about":[{"href":"https:\/\/migracao.redenoticia.com.br\/noticia\/wp-json\/wp\/v2\/types\/post"}],"author":[{"embeddable":true,"href":"https:\/\/migracao.redenoticia.com.br\/noticia\/wp-json\/wp\/v2\/users\/2"}],"replies":[{"embeddable":true,"href":"https:\/\/migracao.redenoticia.com.br\/noticia\/wp-json\/wp\/v2\/comments?post=84095"}],"version-history":[{"count":0,"href":"https:\/\/migracao.redenoticia.com.br\/noticia\/wp-json\/wp\/v2\/posts\/84095\/revisions"}],"wp:featuredmedia":[{"embeddable":true,"href":"https:\/\/migracao.redenoticia.com.br\/noticia\/wp-json\/wp\/v2\/media\/77339"}],"wp:attachment":[{"href":"https:\/\/migracao.redenoticia.com.br\/noticia\/wp-json\/wp\/v2\/media?parent=84095"}],"wp:term":[{"taxonomy":"category","embeddable":true,"href":"https:\/\/migracao.redenoticia.com.br\/noticia\/wp-json\/wp\/v2\/categories?post=84095"},{"taxonomy":"post_tag","embeddable":true,"href":"https:\/\/migracao.redenoticia.com.br\/noticia\/wp-json\/wp\/v2\/tags?post=84095"}],"curies":[{"name":"wp","href":"https:\/\/api.w.org\/{rel}","templated":true}]}}