{"id":84101,"date":"2016-04-11T10:42:18","date_gmt":"2016-04-11T13:42:18","guid":{"rendered":"http:\/\/www.redenoticia.com.br\/noticia\/?p=84101"},"modified":"2016-04-10T16:53:33","modified_gmt":"2016-04-10T19:53:33","slug":"unicamp-cria-biblioteca-digital-de-pesquisas-sobre-zika-e-aedes-aegypti","status":"publish","type":"post","link":"https:\/\/migracao.redenoticia.com.br\/noticia\/2016\/unicamp-cria-biblioteca-digital-de-pesquisas-sobre-zika-e-aedes-aegypti\/84101","title":{"rendered":"Unicamp cria biblioteca digital de pesquisas sobre Zika e Aedes aegypti"},"content":{"rendered":"<p> Diego Freire \u00a0| \u00a0Ag\u00eancia FAPESP \u2013 Com o objetivo de concentrar informa\u00e7\u00f5es cient\u00edficas e de outras fontes que auxiliem no desenvolvimento de novas pesquisas relacionadas ao enfrentamento das doen\u00e7as transmitidas pelo mosquito <em><strong>Aedes aegypti<\/strong><\/em>, a Universidade Estadual de Campinas (Unicamp) criou a Biblioteca Digital Zika http:\/\/bdz.sbu.unicamp.br\/wp\/, plataforma on-line de acesso aberto que disponibiliza conte\u00fados publicados na \u00e1rea em todo o mundo.<\/p>\n<p>A iniciativa surgiu a partir de conversas entre o Sistema de Bibliotecas da Unicamp (SBU) e o grupo de trabalho coordenado pela Pr\u00f3-Reitoria de Pesquisa (PRP), formado por docentes e pesquisadores de diferentes especialidades que buscavam reunir solu\u00e7\u00f5es nas \u00e1reas de controle do inseto, virologia, epidemiologia e imunologia, entre outras. A ideia \u00e9 fornecer suporte informacional aos cientistas ligados \u00e0 for\u00e7a-tarefa da Rede Zika, composta por representantes de v\u00e1rias institui\u00e7\u00f5es no Estado de S\u00e3o Paulo respons\u00e1veis por projetos de pesquisa apoiados pela FAPESP sobre o v\u00edrus e seu vetor (leia mais sobre a rede em\u00a0).<\/p>\n<p>\u201cComo se trata de um tema relativamente novo, a informa\u00e7\u00e3o \u00e9 um elemento fundamental para dar suporte ao pesquisador e possibilitar que ele, a partir do que j\u00e1 foi conseguido, avance no conhecimento. Todo esse material foi organizado e continua sendo compilado para que a informa\u00e7\u00e3o seja alcan\u00e7ada pelo cientista de forma r\u00e1pida e precisa, fazendo com que o conhecimento acumulado sobre o v\u00edrus, seu vetor e as doen\u00e7as relacionadas a eles circule, multiplique-se e contribua para o fortalecimento das pesquisas na \u00e1rea, a formula\u00e7\u00e3o das pol\u00edticas p\u00fablicas necess\u00e1rias e o bem-estar da popula\u00e7\u00e3o\u201d, disse Regiane Alc\u00e2ntara Bracchi, coordenadora do Sistema de Bibliotecas da Unicamp (SBU) e supervisora da Biblioteca Digital Zika.<\/p>\n<p>J\u00e1 s\u00e3o mais de 200 artigos dispon\u00edveis, todos validados por pesquisadores da Unicamp ligados \u00e0 Rede Zika. O conte\u00fado \u00e9 classificado em cinco grupos: caracteriza\u00e7\u00e3o molecular e biol\u00f3gica; mecanismos de imunopatogenicidade; novas metodologias de diagn\u00f3stico; estrat\u00e9gias de bloqueio da transmiss\u00e3o e controle do mosquito; e epidemiologia, imunologia e repercuss\u00f5es cl\u00ednicas. \u00c9 poss\u00edvel fazer busca por autor, assunto e t\u00edtulo em todos os grupos.<\/p>\n<p>De acordo com Alvaro Penteado Cr\u00f3sta, vice-reitor da Unicamp e coordenador da biblioteca, a escolha dos temas buscou abranger todos os aspectos cient\u00edficos relacionados ao Zika.<\/p>\n<p>\u201cPor se tratar de um v\u00edrus pouco conhecido e com alto potencial de propaga\u00e7\u00e3o, existe atualmente uma grande prolifera\u00e7\u00e3o de iniciativas de pesquisas do Zika em todo o mundo. Isso resulta numa igual prolifera\u00e7\u00e3o de artigos cient\u00edficos, livros, relat\u00f3rios e not\u00edcias divulgados em v\u00e1rios tipos de m\u00eddia. A Biblioteca Digital Zika tem o objetivo de coletar e disponibilizar essa vasta gama de informa\u00e7\u00f5es em um \u00fanico s\u00edtio eletr\u00f4nico, levando a grande economia de tempo dos pesquisadores que necessitam dessas informa\u00e7\u00f5es para dar suporte \u00e0s suas pesquisas\u201d, contou Cr\u00f3sta.<\/p>\n<p>A biblioteca tamb\u00e9m conta com an\u00e1lises da produ\u00e7\u00e3o cient\u00edfica a partir de bases de dados para auxiliar o pesquisador na compreens\u00e3o do desenvolvimento das pesquisas na \u00e1rea. O servi\u00e7o permite identificar as tem\u00e1ticas com o maior n\u00famero de pesquisas, a participa\u00e7\u00e3o do Brasil e de institui\u00e7\u00f5es brasileiras em estudos sobre o v\u00edrus Zika e os pesquisadores que mais publicaram sobre o assunto, al\u00e9m de outras ocorr\u00eancias, oferecendo um panorama geral da produ\u00e7\u00e3o de conhecimento cient\u00edfico sobre a \u00e1rea no mundo.<\/p>\n<p>H\u00e1, ainda, orienta\u00e7\u00f5es sobre fontes de financiamento, voltadas a programas de fomento \u00e0 pesquisa que contribuam para enfrentar os impactos na sa\u00fade p\u00fablica das doen\u00e7as transmitidas pelo mosquito Aedes Aegypti, al\u00e9m de not\u00edcias veiculadas pela imprensa nacional e internacional, v\u00eddeos e outros conte\u00fados informativos e chat on-line com bibliotec\u00e1rios para esclarecimento de d\u00favidas e solicita\u00e7\u00e3o de informa\u00e7\u00f5es.<\/p>\n<p>Al\u00e9m de Bracchi e Cr\u00f3sta, integram a equipe da Biblioteca Digital Zika Gl\u00e1ucia Maria Pastore, pr\u00f3-reitora de Pesquisa da Unicamp e coordenadora da Rede Zika na institui\u00e7\u00e3o, e Daniela Feij\u00f3 Sim\u00f5es, M\u00e1rcio Souza Martins, Michele Lebre de Marco e Oscar Eliel, respons\u00e1veis pelo desenvolvimento e pela implanta\u00e7\u00e3o do projeto, bem como profissionais das diretorias de Tecnologia da Informa\u00e7\u00e3o, Tratamento de Informa\u00e7\u00e3o, Difus\u00e3o da Informa\u00e7\u00e3o e Gest\u00e3o de Recursos do SBU e das bibliotecas do Instituto de Biologia, da Faculdade de Medicina e do Instituto de Qu\u00edmica da Unicamp.<\/p>\n<p>\u201cA iniciativa de cria\u00e7\u00e3o de um portal que permita acesso r\u00e1pido a informa\u00e7\u00f5es cient\u00edficas de qualidade vai auxiliar enormemente o desenvolvimento dessa \u00e1rea de pesquisa, tema de tanta relev\u00e2ncia para a sa\u00fade p\u00fablica mundial como o caso do v\u00edrus Zika. Al\u00e9m disso, o portal inaugura um novo formato de divulga\u00e7\u00e3o cient\u00edfica qualificada para p\u00fablicos-alvo\u201d, declarou Pastore.<\/p>\n<p>A plataforma est\u00e1 dispon\u00edvel para acesso p\u00fablico desde mar\u00e7o, no site , e segue sendo atualizada. Est\u00e1 em desenvolvimento um sistema de alerta para notificar a entrada de novos conte\u00fados dispon\u00edveis.<\/p>\n","protected":false},"excerpt":{"rendered":"<p>Diego Freire \u00a0| \u00a0Ag\u00eancia FAPESP \u2013 Com o objetivo de concentrar informa\u00e7\u00f5es cient\u00edficas e de outras fontes que auxiliem no desenvolvimento de novas pesquisas relacionadas ao enfrentamento das doen\u00e7as transmitidas pelo mosquito Aedes aegypti, a Universidade Estadual de Campinas (Unicamp) criou a Biblioteca Digital Zika http:\/\/bdz.sbu.unicamp.br\/wp\/, plataforma on-line de acesso aberto que disponibiliza conte\u00fados publicados [&hellip;]<\/p>\n","protected":false},"author":2,"featured_media":40847,"comment_status":"open","ping_status":"closed","sticky":false,"template":"","format":"standard","meta":{"tdm_status":"","tdm_grid_status":"","footnotes":""},"categories":[22,5],"tags":[],"class_list":{"0":"post-84101","1":"post","2":"type-post","3":"status-publish","4":"format-standard","5":"has-post-thumbnail","7":"category-brasil","8":"category-saude-e-vida"},"_links":{"self":[{"href":"https:\/\/migracao.redenoticia.com.br\/noticia\/wp-json\/wp\/v2\/posts\/84101","targetHints":{"allow":["GET"]}}],"collection":[{"href":"https:\/\/migracao.redenoticia.com.br\/noticia\/wp-json\/wp\/v2\/posts"}],"about":[{"href":"https:\/\/migracao.redenoticia.com.br\/noticia\/wp-json\/wp\/v2\/types\/post"}],"author":[{"embeddable":true,"href":"https:\/\/migracao.redenoticia.com.br\/noticia\/wp-json\/wp\/v2\/users\/2"}],"replies":[{"embeddable":true,"href":"https:\/\/migracao.redenoticia.com.br\/noticia\/wp-json\/wp\/v2\/comments?post=84101"}],"version-history":[{"count":0,"href":"https:\/\/migracao.redenoticia.com.br\/noticia\/wp-json\/wp\/v2\/posts\/84101\/revisions"}],"wp:featuredmedia":[{"embeddable":true,"href":"https:\/\/migracao.redenoticia.com.br\/noticia\/wp-json\/wp\/v2\/media\/40847"}],"wp:attachment":[{"href":"https:\/\/migracao.redenoticia.com.br\/noticia\/wp-json\/wp\/v2\/media?parent=84101"}],"wp:term":[{"taxonomy":"category","embeddable":true,"href":"https:\/\/migracao.redenoticia.com.br\/noticia\/wp-json\/wp\/v2\/categories?post=84101"},{"taxonomy":"post_tag","embeddable":true,"href":"https:\/\/migracao.redenoticia.com.br\/noticia\/wp-json\/wp\/v2\/tags?post=84101"}],"curies":[{"name":"wp","href":"https:\/\/api.w.org\/{rel}","templated":true}]}}