{"id":8411,"date":"2009-08-12T15:50:00","date_gmt":"2009-08-12T19:50:00","guid":{"rendered":"http:\/\/www.redenoticia.com.br\/noticia\/?p=8411"},"modified":"2009-08-12T15:50:00","modified_gmt":"2009-08-12T19:50:00","slug":"a-crise-e-o-desenvolvimento-do-brasil-e-tema-de-debate-que-comemora-do-dia-do-economista","status":"publish","type":"post","link":"https:\/\/migracao.redenoticia.com.br\/noticia\/2009\/a-crise-e-o-desenvolvimento-do-brasil-e-tema-de-debate-que-comemora-do-dia-do-economista\/8411","title":{"rendered":"A crise e o desenvolvimento do Brasil&#8221; \u00e9 tema de debate que comemora do Dia do Economista"},"content":{"rendered":"<p>\u201cA crise e o desenvolvimento do Brasil\u201d \u00e9 o tema do debate com entrada franca que comemora o Dia do Economista, em 13 de agosto, \u00e0s 17h30, no Conselho Regional de Economia do Rio de Janeiro (Corecon-RJ). O diretor de estudos macroecon\u00f4micos do Ipea, Jo\u00e3o Sics\u00fa participar\u00e1, em mesa que conta tamb\u00e9m com o presidente do Corecon-RJ, Paulo Passarinho, o presidente do Centro de Estudos para o Desenvolvimento (CED) do conselho, Jo\u00e3o Paulo de Almeida Magalh\u00e3es, e os economistas Jos\u00e9 Carlos de Assis e Carlos Lessa. A 19\u00aa Edi\u00e7\u00e3o do Pr\u00eamio de Monografia Economista Celso Furtado ser\u00e1 entregue antes do debate.<\/p>\n<p>No evento ser\u00e3o lan\u00e7ados quatro livros: \u201cSociedade e Economia: Estrat\u00e9gias de Crescimento e Desenvolvimento\u201d; \u201cDesafios do Desenvolvimento Brasileiro: Contribui\u00e7\u00f5es do Conselho de Orienta\u00e7\u00e3o do Ipea\u201d; \u201cA Crise da Globaliza\u00e7\u00e3o\u201d; e o \u201cO que fazer depois da crise: a contribui\u00e7\u00e3o do desenvolvimento keynesiano\u201d.<\/p>\n<p>O primeiro livro, organizado por Jo\u00e3o Sics\u00fa e Armando Castelar, discute a quest\u00e3o do desenvolvimento. \u201cPara ter um mercado mais forte, precisamos ter um Estado mais forte\u201d, diz Sics\u00fa. O livro aborda a quest\u00e3o do desenvolvimento de forma que n\u00e3o se reduza ao &#8220;crescimento econ\u00f4mico&#8221;, mas como um conjunto mais amplo de pol\u00edticas p\u00fablicas e estrat\u00e9gias para o desenvolvimento econ\u00f4mico, social e cultural do Brasil. A id\u00e9ia \u00e9 o\u00a0<strong>Ipea<\/strong><strong> <\/strong>apresentar enfoques variados, de acordo com &#8220;a sua velha tradi\u00e7\u00e3o de debate amplo sobre as quest\u00f5es do desenvolvimento&#8221;, como assinala a professora e economista Maria da Concei\u00e7\u00e3o Tavares, em texto da quarta-capa do livro.<\/p>\n<p>Doutor em ci\u00eancias econ\u00f4micas pela Universidade de Paris I e membro do Conselho de Orienta\u00e7\u00e3o do Ipea (Instituto de Pesquisa Econ\u00f4mica Aplicada), Jo\u00e3o Paulo de Almeida Magalh\u00e3es \u00e9 autor do \u00faltimo livro que ser\u00e1 apresentado no debate. Sua exposi\u00e7\u00e3o defende a necessidade de se criar um paradigma te\u00f3rico capaz de substituir o liberal e que leve em conta as caracter\u00edsticas espec\u00edficas do crescimento retardat\u00e1rio. Isso passaria a permitir que, pelo menos em tese \u2013 diferentemente do que ocorre hoje \u2013 a Am\u00e9rica Latina apresentasse taxas de crescimento no mesmo n\u00edvel dos pa\u00edses asi\u00e1ticos.<\/p>\n<p>Magalh\u00e3es mostra como a experi\u00eancia de John Maynard Keynes com a elabora\u00e7\u00e3o da sua \u201cTeoria Geral do Emprego, do Juro e da Moeda\u201d, que ajudou a tirar os EUA da Grande Depress\u00e3o dos anos 1930, \u00e9 fundamental nesse caminho. \u201cKeynes dizia que \u2018no longo prazo estaremos todos mortos\u2019. Mas, ainda que todas as suas propostas fossem de curto prazo, trata-se de uma experi\u00eancia que, do ponto de vista cient\u00edfico, comprova o sucesso de pol\u00edticas antiliberais. Da\u00ed a sua import\u00e2ncia para n\u00f3s latino-americanos, hoje\u201d, afirma.<\/p>\n<p>Respons\u00e1vel por fiscalizar o exerc\u00edcio da profiss\u00e3o de economista, o Corecon-RJ conta, atualmente, com 12 mil profissionais registrados.<\/p>\n<p>Servi\u00e7o<\/p>\n<p>Dia do Economista \u2013 Debate \u201cA crise e o desenvolvimento do Brasil<\/p>\n<p>Expositores: Jo\u00e3o Sics\u00fa, Jo\u00e3o Paulo de Almeida Magalh\u00e3es, Paulo Passarinho, Carlos Lessa e Jos\u00e9 Carlos de Assis<\/p>\n<p>Data: 13\/08\/2009, quinta-feira, \u00e0s 17h30<\/p>\n<p>Local: Audit\u00f3rio do Corecon-RJ \u2013 Av. Rio Branco, 109 \u2013 19\u00ba andar \u2013 Centro (RJ) \u2013 capacidade: 100 lugares<\/p>\n<p>Entrada Franca<\/p>\n","protected":false},"excerpt":{"rendered":"<p>\u201cA crise e o desenvolvimento do Brasil\u201d \u00e9 o tema do debate com entrada franca que comemora o Dia do Economista, em 13 de agosto, \u00e0s 17h30, no Conselho Regional de Economia do Rio de Janeiro (Corecon-RJ). O diretor de estudos macroecon\u00f4micos do Ipea, Jo\u00e3o Sics\u00fa participar\u00e1, em mesa que conta tamb\u00e9m com o presidente [&hellip;]<\/p>\n","protected":false},"author":2,"featured_media":0,"comment_status":"open","ping_status":"open","sticky":false,"template":"","format":"standard","meta":{"tdm_status":"","tdm_grid_status":"","footnotes":""},"categories":[22,7],"tags":[],"class_list":{"0":"post-8411","1":"post","2":"type-post","3":"status-publish","4":"format-standard","6":"category-brasil","7":"category-economia"},"_links":{"self":[{"href":"https:\/\/migracao.redenoticia.com.br\/noticia\/wp-json\/wp\/v2\/posts\/8411","targetHints":{"allow":["GET"]}}],"collection":[{"href":"https:\/\/migracao.redenoticia.com.br\/noticia\/wp-json\/wp\/v2\/posts"}],"about":[{"href":"https:\/\/migracao.redenoticia.com.br\/noticia\/wp-json\/wp\/v2\/types\/post"}],"author":[{"embeddable":true,"href":"https:\/\/migracao.redenoticia.com.br\/noticia\/wp-json\/wp\/v2\/users\/2"}],"replies":[{"embeddable":true,"href":"https:\/\/migracao.redenoticia.com.br\/noticia\/wp-json\/wp\/v2\/comments?post=8411"}],"version-history":[{"count":0,"href":"https:\/\/migracao.redenoticia.com.br\/noticia\/wp-json\/wp\/v2\/posts\/8411\/revisions"}],"wp:attachment":[{"href":"https:\/\/migracao.redenoticia.com.br\/noticia\/wp-json\/wp\/v2\/media?parent=8411"}],"wp:term":[{"taxonomy":"category","embeddable":true,"href":"https:\/\/migracao.redenoticia.com.br\/noticia\/wp-json\/wp\/v2\/categories?post=8411"},{"taxonomy":"post_tag","embeddable":true,"href":"https:\/\/migracao.redenoticia.com.br\/noticia\/wp-json\/wp\/v2\/tags?post=8411"}],"curies":[{"name":"wp","href":"https:\/\/api.w.org\/{rel}","templated":true}]}}