{"id":84114,"date":"2016-04-11T17:15:26","date_gmt":"2016-04-11T20:15:26","guid":{"rendered":"http:\/\/www.redenoticia.com.br\/noticia\/?p=84114"},"modified":"2016-04-11T17:15:26","modified_gmt":"2016-04-11T20:15:26","slug":"novela-liberdade-liberdade-resumo-1204-joaquina-torna-se-uma-mulher-forte","status":"publish","type":"post","link":"https:\/\/migracao.redenoticia.com.br\/noticia\/2016\/novela-liberdade-liberdade-resumo-1204-joaquina-torna-se-uma-mulher-forte\/84114","title":{"rendered":"Novela \u201cLiberdade, Liberdade\u201d resumo 12\/04: Joaquina torna-se uma mulher forte"},"content":{"rendered":"<p> <img loading=\"lazy\" decoding=\"async\" class=\"alignleft size-thumbnail wp-image-84052\" src=\"https:\/\/migracao.redenoticia.com.br\/noticia\/imagens\/novela_liberdade_globo_resumo-150x112.jpg\" alt=\"novela_liberdade_globo_resumo\" width=\"150\" height=\"112\" srcset=\"https:\/\/migracao.redenoticia.com.br\/noticia\/imagens\/novela_liberdade_globo_resumo-150x112.jpg 150w, https:\/\/migracao.redenoticia.com.br\/noticia\/imagens\/novela_liberdade_globo_resumo-265x198.jpg 265w\" sizes=\"auto, (max-width: 150px) 100vw, 150px\" \/><strong><em>Novela \u201cLiberdade, Liberdade\u201d resumo 12\/04:<\/em><\/strong> Raposo percebe que Joaquina assiste o enforcamento de Tiradentes e a retira do local. Ant\u00f4nia, m\u00e3e de Joaquina, morre. Raposo, at\u00e9 ent\u00e3o simpatizante pela luta dos inconfidentes, assume a cria\u00e7\u00e3o de Joaquina e eles se mudam para Portugal. Devido a persegui\u00e7\u00e3o aos inconfidentes e seus descendentes, Joaquina muda o nome para Rosa. Em Portugal, Joaquina\/Rosa aprende a lutar e torna-se uma mulher forte, decidida e sonhadora.<\/p>\n<p>No capitulo 002 (*), novela \u201cLiberdade, Liberdade\u201d, ter\u00e7a-feira, 12 de abril \u2013 Raposo afasta Joaquina da multid\u00e3o e a leva para Vila Rica. M\u00e3o de Luva sequestra a menina. Raposo tenta render M\u00e3o de Luva e Joaquina \u00e9 amea\u00e7ada por Ascen\u00e7\u00e3o. Rubi\u00e3o mata Ant\u00f4nia. <\/p>\n<p>M\u00e3o de Luva exige que Raposo pague um resgate por Joaquina. Antes de morrer, Ant\u00f4nia pede a Raposo para cuidar de Joaquina. Maia\/Vendek e Virg\u00ednia ajudam Raposo a preservar a vida de Joaquina, que ganha um novo nome: Rosa. H\u00e1 uma passagem de tempo. <\/p>\n<p>Joaquina\/Rosa aprende a lutar com Raposo. Andr\u00e9 alerta o pai sobre a ida da Coroa Portuguesa para o Brasil. Joaquina\/Rosa e Andr\u00e9 se preparam para voltar ao Brasil.<\/p>\n<p>(*) edi\u00e7\u00e3o da Rede Globo, Novela \u201cLiberdade, Liberdade\u201d, sujeito a altera\u00e7\u00e3o de data e conte\u00fado. <\/p>\n","protected":false},"excerpt":{"rendered":"<p>Novela \u201cLiberdade, Liberdade\u201d resumo 12\/04: Raposo percebe que Joaquina assiste o enforcamento de Tiradentes e a retira do local. Ant\u00f4nia, m\u00e3e de Joaquina, morre. Raposo, at\u00e9 ent\u00e3o simpatizante pela luta dos inconfidentes, assume a cria\u00e7\u00e3o de Joaquina e eles se mudam para Portugal. Devido a persegui\u00e7\u00e3o aos inconfidentes e seus descendentes, Joaquina muda o nome [&hellip;]<\/p>\n","protected":false},"author":2,"featured_media":84052,"comment_status":"open","ping_status":"closed","sticky":false,"template":"","format":"standard","meta":{"tdm_status":"","tdm_grid_status":"","footnotes":""},"categories":[379,375,343],"tags":[441],"class_list":{"0":"post-84114","1":"post","2":"type-post","3":"status-publish","4":"format-standard","5":"has-post-thumbnail","7":"category-novelas","8":"category-rede-globo","9":"category-televisao","10":"tag-resumo-do-dia"},"_links":{"self":[{"href":"https:\/\/migracao.redenoticia.com.br\/noticia\/wp-json\/wp\/v2\/posts\/84114","targetHints":{"allow":["GET"]}}],"collection":[{"href":"https:\/\/migracao.redenoticia.com.br\/noticia\/wp-json\/wp\/v2\/posts"}],"about":[{"href":"https:\/\/migracao.redenoticia.com.br\/noticia\/wp-json\/wp\/v2\/types\/post"}],"author":[{"embeddable":true,"href":"https:\/\/migracao.redenoticia.com.br\/noticia\/wp-json\/wp\/v2\/users\/2"}],"replies":[{"embeddable":true,"href":"https:\/\/migracao.redenoticia.com.br\/noticia\/wp-json\/wp\/v2\/comments?post=84114"}],"version-history":[{"count":0,"href":"https:\/\/migracao.redenoticia.com.br\/noticia\/wp-json\/wp\/v2\/posts\/84114\/revisions"}],"wp:featuredmedia":[{"embeddable":true,"href":"https:\/\/migracao.redenoticia.com.br\/noticia\/wp-json\/wp\/v2\/media\/84052"}],"wp:attachment":[{"href":"https:\/\/migracao.redenoticia.com.br\/noticia\/wp-json\/wp\/v2\/media?parent=84114"}],"wp:term":[{"taxonomy":"category","embeddable":true,"href":"https:\/\/migracao.redenoticia.com.br\/noticia\/wp-json\/wp\/v2\/categories?post=84114"},{"taxonomy":"post_tag","embeddable":true,"href":"https:\/\/migracao.redenoticia.com.br\/noticia\/wp-json\/wp\/v2\/tags?post=84114"}],"curies":[{"name":"wp","href":"https:\/\/api.w.org\/{rel}","templated":true}]}}