{"id":8413,"date":"2009-08-12T15:52:25","date_gmt":"2009-08-12T19:52:25","guid":{"rendered":"http:\/\/www.redenoticia.com.br\/noticia\/?p=8413"},"modified":"2009-08-12T15:52:25","modified_gmt":"2009-08-12T19:52:25","slug":"em-rondonia-jornalista-ainda-precisa-de-diploma","status":"publish","type":"post","link":"https:\/\/migracao.redenoticia.com.br\/noticia\/2009\/em-rondonia-jornalista-ainda-precisa-de-diploma\/8413","title":{"rendered":"Em Rond\u00f4nia jornalista ainda precisa de diploma"},"content":{"rendered":"<p>O Superintendente do Trabalho e Emprego em Rond\u00f4nia, Ruy Motta, recebeu em seu gabinete na manh\u00e3 de quarta-feira\u00a0\u00a0o presidente do Sindicato dos Jornalistas do Estado de Rond\u00f4nia \u2013 Sinjor, Carlos Alencar,\u00a0\u00a0para discutir sobre a quest\u00e3o do registro profissional de Jornalista depois da decis\u00e3o do Supremo Tribunal Federal entendeu que o art. 4\u00b0, Inciso V, do Decreto-Lei n\u00b0.972, de 1969, n\u00e3o foi contemplado pela Constitui\u00e7\u00e3o de 1988, o que suspendeu a exig\u00eancia de diploma para o exerc\u00edcio da profiss\u00e3o.<\/p>\n<p>Ruy Motta informou\u00a0\u00a0ao presidente do Sinjor que at\u00e9 o momento o Minist\u00e9rio do Trabalho e Emprego- MTE precisa ser oficialmente comunicado da decis\u00e3o em comento para que ent\u00e3o possa emitir qualquer orienta\u00e7\u00e3o quanto aos procedimentos administrativos a serem adotados sobre o assunto, e que \u201cos novos pedidos de registro e de transforma\u00e7\u00e3o de registro prec\u00e1rio para registro definitivo de jornalista\u00a0\u00a0dever\u00e3o ficar sobrestados aguardando manifesta\u00e7\u00e3o posterior e oficial sobre o assunto.\u201d<\/p>\n<p>Apesar do entendimento do MTE o Superintendente acordou com o presidente do Sinjor que essa discuss\u00e3o deve ser aprimorada para que se chegue o mais breve poss\u00edvel a uma conclus\u00e3o e assim seja solucionada a situa\u00e7\u00e3o de v\u00e1rios jornalistas no Estado que atualmente exercem a profiss\u00e3o sem o devido registro, para tanto, convidou a diretoria do Sindicato dos Jornalistas para uma reuni\u00e3o na pr\u00f3xima semana com data a ser marcada.<\/p>\n","protected":false},"excerpt":{"rendered":"<p>O Superintendente do Trabalho e Emprego em Rond\u00f4nia, Ruy Motta, recebeu em seu gabinete na manh\u00e3 de quarta-feira\u00a0\u00a0o presidente do Sindicato dos Jornalistas do Estado de Rond\u00f4nia \u2013 Sinjor, Carlos Alencar,\u00a0\u00a0para discutir sobre a quest\u00e3o do registro profissional de Jornalista depois da decis\u00e3o do Supremo Tribunal Federal entendeu que o art. 4\u00b0, Inciso V, do [&hellip;]<\/p>\n","protected":false},"author":2,"featured_media":0,"comment_status":"open","ping_status":"open","sticky":false,"template":"","format":"standard","meta":{"tdm_status":"","tdm_grid_status":"","footnotes":""},"categories":[22],"tags":[],"class_list":{"0":"post-8413","1":"post","2":"type-post","3":"status-publish","4":"format-standard","6":"category-brasil"},"_links":{"self":[{"href":"https:\/\/migracao.redenoticia.com.br\/noticia\/wp-json\/wp\/v2\/posts\/8413","targetHints":{"allow":["GET"]}}],"collection":[{"href":"https:\/\/migracao.redenoticia.com.br\/noticia\/wp-json\/wp\/v2\/posts"}],"about":[{"href":"https:\/\/migracao.redenoticia.com.br\/noticia\/wp-json\/wp\/v2\/types\/post"}],"author":[{"embeddable":true,"href":"https:\/\/migracao.redenoticia.com.br\/noticia\/wp-json\/wp\/v2\/users\/2"}],"replies":[{"embeddable":true,"href":"https:\/\/migracao.redenoticia.com.br\/noticia\/wp-json\/wp\/v2\/comments?post=8413"}],"version-history":[{"count":0,"href":"https:\/\/migracao.redenoticia.com.br\/noticia\/wp-json\/wp\/v2\/posts\/8413\/revisions"}],"wp:attachment":[{"href":"https:\/\/migracao.redenoticia.com.br\/noticia\/wp-json\/wp\/v2\/media?parent=8413"}],"wp:term":[{"taxonomy":"category","embeddable":true,"href":"https:\/\/migracao.redenoticia.com.br\/noticia\/wp-json\/wp\/v2\/categories?post=8413"},{"taxonomy":"post_tag","embeddable":true,"href":"https:\/\/migracao.redenoticia.com.br\/noticia\/wp-json\/wp\/v2\/tags?post=8413"}],"curies":[{"name":"wp","href":"https:\/\/api.w.org\/{rel}","templated":true}]}}