{"id":84138,"date":"2016-04-11T16:57:26","date_gmt":"2016-04-11T19:57:26","guid":{"rendered":"http:\/\/www.redenoticia.com.br\/noticia\/?p=84138"},"modified":"2016-04-11T20:11:40","modified_gmt":"2016-04-11T23:11:40","slug":"novela-abismo-da-paixao-resumo-1204-carmen-nao-apoia-augusto","status":"publish","type":"post","link":"https:\/\/migracao.redenoticia.com.br\/noticia\/2016\/novela-abismo-da-paixao-resumo-1204-carmen-nao-apoia-augusto\/84138","title":{"rendered":"Novela \u201cAbismo da Paix\u00e3o\u201d resumo 12\/04: Carmen n\u00e3o apoia Augusto"},"content":{"rendered":"<p> <img loading=\"lazy\" decoding=\"async\" class=\"alignleft size-thumbnail wp-image-81978\" src=\"https:\/\/migracao.redenoticia.com.br\/noticia\/imagens\/abismo_de_paixao_sbt_resumo_novela-150x112.jpg\" alt=\"abismo_de_paixao_sbt_resumo_novela\" width=\"150\" height=\"112\" srcset=\"https:\/\/migracao.redenoticia.com.br\/noticia\/imagens\/abismo_de_paixao_sbt_resumo_novela-150x112.jpg 150w, https:\/\/migracao.redenoticia.com.br\/noticia\/imagens\/abismo_de_paixao_sbt_resumo_novela-265x198.jpg 265w\" sizes=\"auto, (max-width: 150px) 100vw, 150px\" \/><strong><em>Novela \u201cAbismo da Paix\u00e3o\u201d resumo 12\/04<\/em><\/strong>: os anos passam e Elisa, Gael e Paloma se tornam belos jovens. Gael tenta convencer Augusto a cultivar as terras que eram de Estef\u00e2nia. Ele se nega, pois diz que essas terras agora s\u00e3o de Elisa. Gael diz ao Padre Lupe que n\u00e3o entende porque Augusto est\u00e1 se permitindo cair quanto a seus assuntos econ\u00f4micos. O Padre diz que Augusto jamais conseguiu se recuperar do que considerou ser a maior das trai\u00e7\u00f5es, e Carmen n\u00e3o o apoia como fazia Estef\u00e2nia. Mesmo com o passar dos anos, Augusto nunca conseguiu esquecer seu amor por Estef\u00e2nia.<\/p>\n<p>No cap\u00edtulo 011 (*), novela \u201cAbismo da Paix\u00e3o\u201d, ter\u00e7a-feira, 12 de abril \u2013 Ramiro fala diante de Malu que no momento que quiser, se casa com Almerinda, pois todas as mulheres s\u00e3o tontas. Almerinda escuta, se apresenta, e pergunta como ele pode imaginar que algu\u00e9m como ela poderia ficar com um pe\u00e3o como ele. Almerinda despede Ramiro. Ramiro se humilha e pede que ela n\u00e3o o demita. Almerinda, ent\u00e3o, ordena a Ramiro que queime a planta\u00e7\u00e3o de Augusto. Dolores diz a Br\u00e1ulio que n\u00e3o vai se casar com ele porque concluiu que n\u00e3o o ama. Passam-se anos e Elisa se transforma em uma linda jovem, assim como Paloma e Gael. Elisa, Gael e Paloma se tornam belos jovens. <\/p>\n<p>Gael tenta convencer Augusto a cultivar nas terras que eram de Estef\u00e2nia. Ele se nega, pois diz que essas terras agora s\u00e3o de Elisa. Elisa diz a Carmen que vai levar flores ao tumulo de sua m\u00e3e, porque \u00e9 anivers\u00e1rio de sua morte. Carmen a responde que com simples flores n\u00e3o apagar\u00e1 o que fez. Paloma diz a Elisa que mesmo sua tia sempre a culpando pela morte de seu irm\u00e3ozinho, o que ocorreu foi uma fatalidade. Mesmo com o passar dos anos, Augusto nunca conseguiu esquecer Estef\u00e2nia, e Carmen percebendo isso, n\u00e3o se cansa de brigar com o agora esposo. Gael diz ao Padre Lupe que n\u00e3o entende porque Augusto est\u00e1 se permitindo cair quanto a seus assuntos econ\u00f4micos. Padre o responde que ele jamais conseguiu se recuperar do que considerou ser a maior das trai\u00e7\u00f5es, e Carmen n\u00e3o o apoia como fazia Estef\u00e2nia. <\/p>\n<p>Carmen tenta fazer com que Ramiro conven\u00e7a Almerinda a voltar a comprar os produtos de sua empresa. Vicente incomoda Elisa e Gael o agride, e adverte que isso ocorrer\u00e1 com qualquer um que se meta com Elisa. Carmen, furiosa, diz a Augusto que est\u00e1 cansada de sua mediocridade. Augusto a pede que v\u00e1 embora, Carmen responde que isso \u00e9 o que ele quer, pois como ela n\u00e3o serve mais, ele quer descart\u00e1-la como um m\u00f3vel velho. Ela o diz que est\u00e1 est\u00e9ril por culpa de Elisa, e \u00e9 dela que ele deveria se livrar. O Padre Lupe diz a Almerinda que por uma bobagem afastou seu filho de seu amor durante sua inf\u00e2ncia e adolesc\u00eancia. Almerinda o responde que foi um sacrif\u00edcio necess\u00e1rio, mas que houve uma recompensa. Dami\u00e3o volta ao povoado e Elisa se surpreende ao v\u00ea-lo.  <\/p>\n<p>(*) edi\u00e7\u00e3o do SBT, Novela \u201cAbismo da Paix\u00e3o\u201d, sujeito a altera\u00e7\u00e3o de data e conte\u00fado.<\/p>\n","protected":false},"excerpt":{"rendered":"<p>Novela \u201cAbismo da Paix\u00e3o\u201d resumo 12\/04: os anos passam e Elisa, Gael e Paloma se tornam belos jovens. Gael tenta convencer Augusto a cultivar as terras que eram de Estef\u00e2nia. Ele se nega, pois diz que essas terras agora s\u00e3o de Elisa. Gael diz ao Padre Lupe que n\u00e3o entende porque Augusto est\u00e1 se permitindo [&hellip;]<\/p>\n","protected":false},"author":2,"featured_media":81978,"comment_status":"open","ping_status":"closed","sticky":false,"template":"","format":"standard","meta":{"tdm_status":"","tdm_grid_status":"","footnotes":""},"categories":[379,372,343],"tags":[441],"class_list":{"0":"post-84138","1":"post","2":"type-post","3":"status-publish","4":"format-standard","5":"has-post-thumbnail","7":"category-novelas","8":"category-sbt","9":"category-televisao","10":"tag-resumo-do-dia"},"_links":{"self":[{"href":"https:\/\/migracao.redenoticia.com.br\/noticia\/wp-json\/wp\/v2\/posts\/84138","targetHints":{"allow":["GET"]}}],"collection":[{"href":"https:\/\/migracao.redenoticia.com.br\/noticia\/wp-json\/wp\/v2\/posts"}],"about":[{"href":"https:\/\/migracao.redenoticia.com.br\/noticia\/wp-json\/wp\/v2\/types\/post"}],"author":[{"embeddable":true,"href":"https:\/\/migracao.redenoticia.com.br\/noticia\/wp-json\/wp\/v2\/users\/2"}],"replies":[{"embeddable":true,"href":"https:\/\/migracao.redenoticia.com.br\/noticia\/wp-json\/wp\/v2\/comments?post=84138"}],"version-history":[{"count":0,"href":"https:\/\/migracao.redenoticia.com.br\/noticia\/wp-json\/wp\/v2\/posts\/84138\/revisions"}],"wp:featuredmedia":[{"embeddable":true,"href":"https:\/\/migracao.redenoticia.com.br\/noticia\/wp-json\/wp\/v2\/media\/81978"}],"wp:attachment":[{"href":"https:\/\/migracao.redenoticia.com.br\/noticia\/wp-json\/wp\/v2\/media?parent=84138"}],"wp:term":[{"taxonomy":"category","embeddable":true,"href":"https:\/\/migracao.redenoticia.com.br\/noticia\/wp-json\/wp\/v2\/categories?post=84138"},{"taxonomy":"post_tag","embeddable":true,"href":"https:\/\/migracao.redenoticia.com.br\/noticia\/wp-json\/wp\/v2\/tags?post=84138"}],"curies":[{"name":"wp","href":"https:\/\/api.w.org\/{rel}","templated":true}]}}