{"id":84140,"date":"2016-04-11T16:58:37","date_gmt":"2016-04-11T19:58:37","guid":{"rendered":"http:\/\/www.redenoticia.com.br\/noticia\/?p=84140"},"modified":"2016-04-11T17:16:15","modified_gmt":"2016-04-11T20:16:15","slug":"novela-meu-coracao-e-teu-resumo-1204-yolanda-esconde-colar-de-isabela","status":"publish","type":"post","link":"https:\/\/migracao.redenoticia.com.br\/noticia\/2016\/novela-meu-coracao-e-teu-resumo-1204-yolanda-esconde-colar-de-isabela\/84140","title":{"rendered":"Novela \u201cMeu Cora\u00e7\u00e3o \u00e9 Teu\u201d resumo 12\/04: Yolanda esconde colar de Isabela"},"content":{"rendered":"<p> <img loading=\"lazy\" decoding=\"async\" src=\"https:\/\/migracao.redenoticia.com.br\/noticia\/imagens\/meu_coracao_e_teu_novela_resumo_sbt-150x112.jpg\" alt=\"meu_coracao_e_teu_novela_resumo_sbt\" width=\"150\" height=\"112\" class=\"alignleft size-thumbnail wp-image-82119\" srcset=\"https:\/\/migracao.redenoticia.com.br\/noticia\/imagens\/meu_coracao_e_teu_novela_resumo_sbt-150x112.jpg 150w, https:\/\/migracao.redenoticia.com.br\/noticia\/imagens\/meu_coracao_e_teu_novela_resumo_sbt-265x198.jpg 265w\" sizes=\"auto, (max-width: 150px) 100vw, 150px\" \/><strong><em>Novela \u201cMeu Cora\u00e7\u00e3o \u00e9 Teu\u201d resumo 12\/04<\/em><\/strong>: mesmo casado com Isabela, Fernando continua amando Ana. Ele volta a enfrentar Diego e diz que ele s\u00f3 est\u00e1 com Ana por vingan\u00e7a. Diego diz que a ama de verdade. Diego avisa Ana que est\u00e1 procurando apartamento para se mudar o quanto antes. Isabela adverte Ana que ela vai ser sua dama de companhia, porque seu trabalho como bab\u00e1 j\u00e1 n\u00e3o serve para mais nada. Ana diz a Isabela que se a odeia tanto, o \u00fanico motivo que encontra para tal \u00e9 por que Fernando a ama. Com inten\u00e7\u00e3o de prejudicar Ana, Yolanda faz desaparecer um colar de p\u00e9rolas de Isabela para culp\u00e1-la de roubo.<\/p>\n<p>No cap\u00edtulo 032 (*), novela \u201cMeu Cora\u00e7\u00e3o \u00e9 Teu\u201d, ter\u00e7a-feira, 12 de abril \u2013 Ana fala com Jennifer e a diz que n\u00e3o pode deixar de amar Fernando da noite para o dia. Jennifer diz a Ana que caso ela n\u00e3o d\u00ea uma oportunidade para Diego, ser\u00e1 ainda mais dif\u00edcil esquecer Fernando. Fernando diz a Nando que entende que ele queira ajudar Helena, mas esse seu caso de bipolaridade \u00e9 algo para se levar em conta. <\/p>\n<p>Fernando enfrenta Diego e diz que ele s\u00f3 est\u00e1 com Ana por vingan\u00e7a. Diego diz que a ama de verdade. Leon diz a sua m\u00e3e que Fanny j\u00e1 sabe da verdade e que ficou t\u00e3o zangada que n\u00e3o quer saber mais nada dele. Isabela adverte Ana que a partir daquele momento ela ser\u00e1 sua dama de companhia, porque seu trabalho como bab\u00e1 j\u00e1 n\u00e3o serve para mais nada. Leon pede desculpa a Fernando e se demite da empresa. Ana diz a Isabela que se a odeia tanto, o \u00fanico motivo que encontra para tal \u00e9 por que Fernando a ama. <\/p>\n<p>Yolanda faz desaparecer um colar de p\u00e9rolas de Isabela para culpar Ana do roubo. Diego avisa Ana que est\u00e1 procurando apartamento para se mudar o quanto antes. Isabela sugere a Fernando que Fanny seja assistente de Henrique e ambos concordam com a ideia. Fernando pede a Henrique que tenha paci\u00eancia com Fanny, pois ela est\u00e1 passando por um momento dif\u00edcil. Tamara enfrenta Fanny e pede que deixe Leon em paz. Fanny a diz que sua rela\u00e7\u00e3o com ele j\u00e1 terminou. T\u00e2mara d\u00e1 uma bofetada em Fanny e a diz que Leon a abandonou, pois ama apenas a ela.  <\/p>\n<p>(*) edi\u00e7\u00e3o do SBT, Novela \u201cMeu Cora\u00e7\u00e3o \u00e9 Teu\u201d, sujeito a altera\u00e7\u00e3o de data e conte\u00fado.<\/p>\n","protected":false},"excerpt":{"rendered":"<p>Novela \u201cMeu Cora\u00e7\u00e3o \u00e9 Teu\u201d resumo 12\/04: mesmo casado com Isabela, Fernando continua amando Ana. Ele volta a enfrentar Diego e diz que ele s\u00f3 est\u00e1 com Ana por vingan\u00e7a. Diego diz que a ama de verdade. Diego avisa Ana que est\u00e1 procurando apartamento para se mudar o quanto antes. Isabela adverte Ana que ela [&hellip;]<\/p>\n","protected":false},"author":2,"featured_media":82119,"comment_status":"open","ping_status":"closed","sticky":false,"template":"","format":"standard","meta":{"tdm_status":"","tdm_grid_status":"","footnotes":""},"categories":[379,372,343],"tags":[441],"class_list":{"0":"post-84140","1":"post","2":"type-post","3":"status-publish","4":"format-standard","5":"has-post-thumbnail","7":"category-novelas","8":"category-sbt","9":"category-televisao","10":"tag-resumo-do-dia"},"_links":{"self":[{"href":"https:\/\/migracao.redenoticia.com.br\/noticia\/wp-json\/wp\/v2\/posts\/84140","targetHints":{"allow":["GET"]}}],"collection":[{"href":"https:\/\/migracao.redenoticia.com.br\/noticia\/wp-json\/wp\/v2\/posts"}],"about":[{"href":"https:\/\/migracao.redenoticia.com.br\/noticia\/wp-json\/wp\/v2\/types\/post"}],"author":[{"embeddable":true,"href":"https:\/\/migracao.redenoticia.com.br\/noticia\/wp-json\/wp\/v2\/users\/2"}],"replies":[{"embeddable":true,"href":"https:\/\/migracao.redenoticia.com.br\/noticia\/wp-json\/wp\/v2\/comments?post=84140"}],"version-history":[{"count":0,"href":"https:\/\/migracao.redenoticia.com.br\/noticia\/wp-json\/wp\/v2\/posts\/84140\/revisions"}],"wp:featuredmedia":[{"embeddable":true,"href":"https:\/\/migracao.redenoticia.com.br\/noticia\/wp-json\/wp\/v2\/media\/82119"}],"wp:attachment":[{"href":"https:\/\/migracao.redenoticia.com.br\/noticia\/wp-json\/wp\/v2\/media?parent=84140"}],"wp:term":[{"taxonomy":"category","embeddable":true,"href":"https:\/\/migracao.redenoticia.com.br\/noticia\/wp-json\/wp\/v2\/categories?post=84140"},{"taxonomy":"post_tag","embeddable":true,"href":"https:\/\/migracao.redenoticia.com.br\/noticia\/wp-json\/wp\/v2\/tags?post=84140"}],"curies":[{"name":"wp","href":"https:\/\/api.w.org\/{rel}","templated":true}]}}