{"id":84146,"date":"2016-04-11T17:03:17","date_gmt":"2016-04-11T20:03:17","guid":{"rendered":"http:\/\/www.redenoticia.com.br\/noticia\/?p=84146"},"modified":"2016-04-11T17:03:17","modified_gmt":"2016-04-11T20:03:17","slug":"novela-sila-resumo-1204-emre-quer-fugir-com-sila","status":"publish","type":"post","link":"https:\/\/migracao.redenoticia.com.br\/noticia\/2016\/novela-sila-resumo-1204-emre-quer-fugir-com-sila\/84146","title":{"rendered":"Novela \u201cSila\u201d resumo 12\/04: Emre quer fugir com Sila"},"content":{"rendered":"<p> <img loading=\"lazy\" decoding=\"async\" src=\"https:\/\/migracao.redenoticia.com.br\/noticia\/imagens\/sila_band_novela_resumo_capitulo-150x112.jpg\" alt=\"sila_band_novela_resumo_capitulo\" width=\"150\" height=\"112\" class=\"alignleft size-thumbnail wp-image-83098\" srcset=\"https:\/\/migracao.redenoticia.com.br\/noticia\/imagens\/sila_band_novela_resumo_capitulo-150x112.jpg 150w, https:\/\/migracao.redenoticia.com.br\/noticia\/imagens\/sila_band_novela_resumo_capitulo-265x198.jpg 265w\" sizes=\"auto, (max-width: 150px) 100vw, 150px\" \/><strong><em> Novela \u201cSila\u201d resumo 12\/04<\/em><\/strong>: ap\u00f3s as situa\u00e7\u00f5es dolorosas que viveu, Sila decide refugiar-se em Boran. Mas tudo muda quando ela descobre que ele foi casado com outra mulher antes que ela. Com ci\u00fame e se sentindo enganada mais uma vez, Sila muda a sua atitude para com Boran. Sila busca  consolo com seu ex-namorado Emre, que est\u00e1 confiante de que ela ainda est\u00e1 apaixonada por ele e vai fazer todo o poss\u00edvel para traze-la de volta a Istambul.<\/p>\n<p>No capitulo 013 (*), novela \u201cSila\u201d, ter\u00e7a-feira, 12 de abril \u2013 Celil tira Dilan da escola e o professor insiste para que ela volte. Sila liga para Emre e os dois discutem. Boran v\u00ea a alian\u00e7a na m\u00e3o de Sila. Dilan foge de casa e procura por Sila. Boran passeia com Sila pela cidade. Os dois jantam juntos e se beijam pela primeira vez.  <\/p>\n<p>Boran deixa Sila sozinha depois de beij\u00e1-la. Sila pede para ver o quarto de Yezda, ex-mulher de Boran, e consegue as chaves. Boran flagra Sila mexendo nas coisas de Yezda e ela o acusa de amar o fantasma da falecida esposa.<\/p>\n<p> Boran vai dormir em outro quarto. Boran e o primo Dihan discutem sobre os neg\u00f3cios, pois uma carga foi roubada. Sila pede ajuda da m\u00e3e para sair de casa por algumas horas. Azad e o pai planejam mudar de vida com o dinheiro herdado por Sila. <\/p>\n<p>(*) edi\u00e7\u00e3o da Band, Novela \u201cSila\u201d, sujeito a altera\u00e7\u00e3o de data e conte\u00fado.<\/p>\n","protected":false},"excerpt":{"rendered":"<p>Novela \u201cSila\u201d resumo 12\/04: ap\u00f3s as situa\u00e7\u00f5es dolorosas que viveu, Sila decide refugiar-se em Boran. Mas tudo muda quando ela descobre que ele foi casado com outra mulher antes que ela. Com ci\u00fame e se sentindo enganada mais uma vez, Sila muda a sua atitude para com Boran. Sila busca consolo com seu ex-namorado Emre, [&hellip;]<\/p>\n","protected":false},"author":2,"featured_media":83098,"comment_status":"open","ping_status":"closed","sticky":false,"template":"","format":"standard","meta":{"tdm_status":"","tdm_grid_status":"","footnotes":""},"categories":[390,379,343],"tags":[441],"class_list":{"0":"post-84146","1":"post","2":"type-post","3":"status-publish","4":"format-standard","5":"has-post-thumbnail","7":"category-band","8":"category-novelas","9":"category-televisao","10":"tag-resumo-do-dia"},"_links":{"self":[{"href":"https:\/\/migracao.redenoticia.com.br\/noticia\/wp-json\/wp\/v2\/posts\/84146","targetHints":{"allow":["GET"]}}],"collection":[{"href":"https:\/\/migracao.redenoticia.com.br\/noticia\/wp-json\/wp\/v2\/posts"}],"about":[{"href":"https:\/\/migracao.redenoticia.com.br\/noticia\/wp-json\/wp\/v2\/types\/post"}],"author":[{"embeddable":true,"href":"https:\/\/migracao.redenoticia.com.br\/noticia\/wp-json\/wp\/v2\/users\/2"}],"replies":[{"embeddable":true,"href":"https:\/\/migracao.redenoticia.com.br\/noticia\/wp-json\/wp\/v2\/comments?post=84146"}],"version-history":[{"count":0,"href":"https:\/\/migracao.redenoticia.com.br\/noticia\/wp-json\/wp\/v2\/posts\/84146\/revisions"}],"wp:featuredmedia":[{"embeddable":true,"href":"https:\/\/migracao.redenoticia.com.br\/noticia\/wp-json\/wp\/v2\/media\/83098"}],"wp:attachment":[{"href":"https:\/\/migracao.redenoticia.com.br\/noticia\/wp-json\/wp\/v2\/media?parent=84146"}],"wp:term":[{"taxonomy":"category","embeddable":true,"href":"https:\/\/migracao.redenoticia.com.br\/noticia\/wp-json\/wp\/v2\/categories?post=84146"},{"taxonomy":"post_tag","embeddable":true,"href":"https:\/\/migracao.redenoticia.com.br\/noticia\/wp-json\/wp\/v2\/tags?post=84146"}],"curies":[{"name":"wp","href":"https:\/\/api.w.org\/{rel}","templated":true}]}}