{"id":8415,"date":"2009-08-12T15:54:10","date_gmt":"2009-08-12T19:54:10","guid":{"rendered":"http:\/\/www.redenoticia.com.br\/noticia\/?p=8415"},"modified":"2009-08-12T15:54:10","modified_gmt":"2009-08-12T19:54:10","slug":"livros-setor-infanto-juvenil-cresce-mas-ainda-ha-muito-a-fazer","status":"publish","type":"post","link":"https:\/\/migracao.redenoticia.com.br\/noticia\/2009\/livros-setor-infanto-juvenil-cresce-mas-ainda-ha-muito-a-fazer\/8415","title":{"rendered":"Livros: Setor infanto-juvenil cresce, mas ainda h\u00e1 muito a fazer"},"content":{"rendered":"<p>A leitura n\u00e3o \u00e9 apenas uma das ferramentas mais importantes para o estudo e o trabalho, \u00e9 tamb\u00e9m um dos grandes prazeres da vida. Ajudar as crian\u00e7as e os jovens a descobrirem essa verdade \u00e9\u00a0uma miss\u00e3o importante, que cada cidad\u00e3o deve abra\u00e7ar com entusiasmo.<\/p>\n<p>A ind\u00fastria livreira do Brasil tem feito a sua parte. Segundo a Pesquisa\u00a0\u201cProdu\u00e7\u00e3o e Vendas do Mercado Editorial 2008\u201d, que a Funda\u00e7\u00e3o Instituto de Pesquisas Econ\u00f4mica (Fipe) elaborou a pedido da C\u00e2mara Brasileira do Livro (CBL) e do Sindicato Nacional dos Editores de Livros (Snel), no per\u00edodo de 2008 o n\u00famero de t\u00edtulos voltados ao p\u00fablico infantil cresceu 14,02% na compara\u00e7\u00e3o com 2007. Tamb\u00e9m houve um incremento de 41,88% nos lan\u00e7amentos de novas obras de literatura juvenil. Esses percentuais, num universo total de 13,39% novos t\u00edtulos colocados no mercado, revela uma clara disposi\u00e7\u00e3o em atingir mais crian\u00e7as e jovens.<\/p>\n<p>Al\u00e9m de apostar em mais t\u00edtulos, as editoras tamb\u00e9m colocaram mais exemplares no mercado: foram 4,95% a mais de livros infantis e 9,26% a mais de livros juvenis do que em 2007. Vale ressaltar que, na m\u00e9dia geral, a produ\u00e7\u00e3o de novos exemplares foi 3,17% menor em 2008 do que no ano anterior.<\/p>\n<p>O fato de os jovens e as crian\u00e7as estarem lendo mais do que\u00a0os adultos j\u00e1 havia sido evidenciada em levantamentos anteriores. A Pesquisa Retratos da Leitura no Brasil, de 2007, revelou que cerca de 39% dos 95,6 milh\u00f5es de leitores brasileiros t\u00eam entre cinco e 17 anos. Entre os entrevistados de at\u00e9 10 anos de idade, a m\u00e9dia foi de 6,9 livros por ano. A estat\u00edstica aumenta na faixa et\u00e1ria dos 11 aos 13 (8,5 livros por ano) e cai levemente entre os jovens de 14 a 17 anos (6,6). Infelizmente, por\u00e9m, a maior parte das leituras \u00e9 feita por exig\u00eancia da escola: somente 0,9 livro \u00e9 escolhido por iniciativa pr\u00f3pria entre os leitores de at\u00e9 10 anos, subindo para 1,4 na faixa dos 11 aos 13 anos e para 1,6 entre os jovens de at\u00e9 17 anos.<\/p>\n<p>A mesma pesquisa tamb\u00e9m demonstrou que o incentivo para a forma\u00e7\u00e3o de jovens leitores vem da escola e da fam\u00edlia, sobretudo das m\u00e3es. Cerca de 73% dos leitores com idade entre cinco e 10 anos citaram as m\u00e3es como principais incentivadoras do h\u00e1bito e da leitura. E, entre os adultos que cultivam o h\u00e1bito de ler, um em cada tr\u00eas disse ter lembran\u00e7a da m\u00e3e lendo um livro, e 87% afirmaram que os pais liam para eles antes de dormir.<\/p>\n<p>Para estimular as crian\u00e7as e os jovens a, cada vez mais, lerem por prazer e n\u00e3o por obriga\u00e7\u00e3o, algumas medidas s\u00e3o importantes. A primeira delas consiste em facilitar o acesso \u00e0s obras liter\u00e1rias. Isso significa construir mais e melhores bibliotecas, equipada com mobili\u00e1rio especialmente desenhado e estantes com altura adequada, de modo a facilitar o acesso dos pequenos leitores aos seus objetos de interesse. Aumentar o n\u00famero de bibliotecas \u00e9 fundamental, pois h\u00e1 um grande n\u00famero de munic\u00edpios brasileiros que n\u00e3o disp\u00f5em de nenhuma!<\/p>\n<p>Mais livrarias tamb\u00e9m s\u00e3o necess\u00e1rias. O Brasil tem hoje menos de\u00a04\u00a0mil estabelecimentos do g\u00eanero, enquanto o ideal seria existirem pelo menos 10 mil. Como podemos sonhar com um pa\u00eds de leitores se o acesso ao livro \u00e9 um imenso desafio?<\/p>\n<p>Outro ponto importante \u00e9 que o livro tem que ser atrativo e interessante. E, neste ponto, as editoras brasileiras v\u00eam cumprindo seu papel com honra ao m\u00e9rito. Dos livros lav\u00e1veis para beb\u00eas aos romances de aventura destinados aos jovens, h\u00e1 um universo de publica\u00e7\u00f5es lindamente encadernadas, com acabamentos primorosos e enredos variados, perfeitos convites para quem est\u00e1 come\u00e7ando a vida ingressar num mundo novo de aventuras, sonhos, fantasias e experi\u00eancias variadas. Tanto isso \u00e9 verdade que o produto editorial brasileiro vem obtendo grande sucesso nas feiras internacionais do setor, como a de Bolonha, principal eventual mundial do setor de livros infanto-juvenis.<\/p>\n<p>Igualar as condi\u00e7\u00f5es de acesso, incentivar as crian\u00e7as de maneira positiva e envolver cada vez mais os pais e os professores na miss\u00e3o de iniciarem os mais jovens no universo infinito da leitura s\u00e3o provid\u00eancias urgentes e fundamentais para todos.<\/p>\n<p><strong>*Rosely Boschini \u00e9 presidente da C\u00e2mara Brasileira do Livro (CBL).<\/strong><\/p>\n","protected":false},"excerpt":{"rendered":"<p>A leitura n\u00e3o \u00e9 apenas uma das ferramentas mais importantes para o estudo e o trabalho, \u00e9 tamb\u00e9m um dos grandes prazeres da vida. Ajudar as crian\u00e7as e os jovens a descobrirem essa verdade \u00e9\u00a0uma miss\u00e3o importante, que cada cidad\u00e3o deve abra\u00e7ar com entusiasmo. A ind\u00fastria livreira do Brasil tem feito a sua parte. Segundo [&hellip;]<\/p>\n","protected":false},"author":2,"featured_media":0,"comment_status":"open","ping_status":"open","sticky":false,"template":"","format":"standard","meta":{"tdm_status":"","tdm_grid_status":"","footnotes":""},"categories":[22],"tags":[],"class_list":{"0":"post-8415","1":"post","2":"type-post","3":"status-publish","4":"format-standard","6":"category-brasil"},"_links":{"self":[{"href":"https:\/\/migracao.redenoticia.com.br\/noticia\/wp-json\/wp\/v2\/posts\/8415","targetHints":{"allow":["GET"]}}],"collection":[{"href":"https:\/\/migracao.redenoticia.com.br\/noticia\/wp-json\/wp\/v2\/posts"}],"about":[{"href":"https:\/\/migracao.redenoticia.com.br\/noticia\/wp-json\/wp\/v2\/types\/post"}],"author":[{"embeddable":true,"href":"https:\/\/migracao.redenoticia.com.br\/noticia\/wp-json\/wp\/v2\/users\/2"}],"replies":[{"embeddable":true,"href":"https:\/\/migracao.redenoticia.com.br\/noticia\/wp-json\/wp\/v2\/comments?post=8415"}],"version-history":[{"count":0,"href":"https:\/\/migracao.redenoticia.com.br\/noticia\/wp-json\/wp\/v2\/posts\/8415\/revisions"}],"wp:attachment":[{"href":"https:\/\/migracao.redenoticia.com.br\/noticia\/wp-json\/wp\/v2\/media?parent=8415"}],"wp:term":[{"taxonomy":"category","embeddable":true,"href":"https:\/\/migracao.redenoticia.com.br\/noticia\/wp-json\/wp\/v2\/categories?post=8415"},{"taxonomy":"post_tag","embeddable":true,"href":"https:\/\/migracao.redenoticia.com.br\/noticia\/wp-json\/wp\/v2\/tags?post=8415"}],"curies":[{"name":"wp","href":"https:\/\/api.w.org\/{rel}","templated":true}]}}