{"id":84160,"date":"2016-04-11T17:13:30","date_gmt":"2016-04-11T20:13:30","guid":{"rendered":"http:\/\/www.redenoticia.com.br\/noticia\/?p=84160"},"modified":"2016-04-11T17:13:30","modified_gmt":"2016-04-11T20:13:30","slug":"novela-totalmente-demais-resumo-1204-lili-rompe-com-rafael","status":"publish","type":"post","link":"https:\/\/migracao.redenoticia.com.br\/noticia\/2016\/novela-totalmente-demais-resumo-1204-lili-rompe-com-rafael\/84160","title":{"rendered":"Novela \u201cTotalmente Demais\u201d resumo 12\/04: Lili rompe com Rafael"},"content":{"rendered":"<p> <strong><em><img loading=\"lazy\" decoding=\"async\" class=\"alignleft size-thumbnail wp-image-76581\" src=\"https:\/\/migracao.redenoticia.com.br\/noticia\/imagens\/totalmente_demais_novela_resumo_globo-150x112.jpg\" alt=\"totalmente_demais_novela_resumo_globo\" width=\"150\" height=\"112\" srcset=\"https:\/\/migracao.redenoticia.com.br\/noticia\/imagens\/totalmente_demais_novela_resumo_globo-150x112.jpg 150w, https:\/\/migracao.redenoticia.com.br\/noticia\/imagens\/totalmente_demais_novela_resumo_globo-265x198.jpg 265w\" sizes=\"auto, (max-width: 150px) 100vw, 150px\" \/>Novela \u201cTotalmente Demais\u201d resumo 12\/04<\/em><\/strong>: com a volta de Sofia, Lili pede a Germano que fique na mans\u00e3o para a filha n\u00e3o desconfiar de que eles est\u00e3o separados. Rafael n\u00e3o acredita na amn\u00e9sia de Sofia e tenta convencer Lili de que h\u00e1 alguma coisa estranha na hist\u00f3ria contada pela ex-noiva. Lili n\u00e3o concorda com Rafael e, mesmo sofrendo, termina o relacionamento com o fot\u00f3grafo.<\/p>\n<p>No capitulo 134 (*), novela \u201cTotalmente Demais\u201d, ter\u00e7a-feira, 12 de abril \u2013 Rafael n\u00e3o acredita na amn\u00e9sia de Sofia e acaba irritando Germano. Lili pede a Germano que durma em seu quarto, para Sofia n\u00e3o desconfiar de que eles n\u00e3o est\u00e3o mais juntos. <\/p>\n<p>Rafael tenta convencer Lili de que h\u00e1 alguma coisa estranha na hist\u00f3ria contada por Sofia. Lili termina o relacionamento com Rafael, afirmando que n\u00e3o pode ficar com o rapaz depois do reaparecimento de Sofia. <\/p>\n<p>Arthur avisa a Eliza que ela far\u00e1 um editorial de moda no Uruguai. Sofia flagra Lili beijando Rafael.  <\/p>\n<p>(*) edi\u00e7\u00e3o da Rede Globo, Novela \u201cTotalmente Demais\u201d, sujeito a altera\u00e7\u00e3o de data e conte\u00fado.<\/p>\n","protected":false},"excerpt":{"rendered":"<p>Novela \u201cTotalmente Demais\u201d resumo 12\/04: com a volta de Sofia, Lili pede a Germano que fique na mans\u00e3o para a filha n\u00e3o desconfiar de que eles est\u00e3o separados. Rafael n\u00e3o acredita na amn\u00e9sia de Sofia e tenta convencer Lili de que h\u00e1 alguma coisa estranha na hist\u00f3ria contada pela ex-noiva. Lili n\u00e3o concorda com Rafael [&hellip;]<\/p>\n","protected":false},"author":2,"featured_media":76581,"comment_status":"open","ping_status":"closed","sticky":false,"template":"","format":"standard","meta":{"tdm_status":"","tdm_grid_status":"","footnotes":""},"categories":[379,375,343],"tags":[441],"class_list":{"0":"post-84160","1":"post","2":"type-post","3":"status-publish","4":"format-standard","5":"has-post-thumbnail","7":"category-novelas","8":"category-rede-globo","9":"category-televisao","10":"tag-resumo-do-dia"},"_links":{"self":[{"href":"https:\/\/migracao.redenoticia.com.br\/noticia\/wp-json\/wp\/v2\/posts\/84160","targetHints":{"allow":["GET"]}}],"collection":[{"href":"https:\/\/migracao.redenoticia.com.br\/noticia\/wp-json\/wp\/v2\/posts"}],"about":[{"href":"https:\/\/migracao.redenoticia.com.br\/noticia\/wp-json\/wp\/v2\/types\/post"}],"author":[{"embeddable":true,"href":"https:\/\/migracao.redenoticia.com.br\/noticia\/wp-json\/wp\/v2\/users\/2"}],"replies":[{"embeddable":true,"href":"https:\/\/migracao.redenoticia.com.br\/noticia\/wp-json\/wp\/v2\/comments?post=84160"}],"version-history":[{"count":0,"href":"https:\/\/migracao.redenoticia.com.br\/noticia\/wp-json\/wp\/v2\/posts\/84160\/revisions"}],"wp:featuredmedia":[{"embeddable":true,"href":"https:\/\/migracao.redenoticia.com.br\/noticia\/wp-json\/wp\/v2\/media\/76581"}],"wp:attachment":[{"href":"https:\/\/migracao.redenoticia.com.br\/noticia\/wp-json\/wp\/v2\/media?parent=84160"}],"wp:term":[{"taxonomy":"category","embeddable":true,"href":"https:\/\/migracao.redenoticia.com.br\/noticia\/wp-json\/wp\/v2\/categories?post=84160"},{"taxonomy":"post_tag","embeddable":true,"href":"https:\/\/migracao.redenoticia.com.br\/noticia\/wp-json\/wp\/v2\/tags?post=84160"}],"curies":[{"name":"wp","href":"https:\/\/api.w.org\/{rel}","templated":true}]}}