{"id":84162,"date":"2016-04-11T17:14:52","date_gmt":"2016-04-11T20:14:52","guid":{"rendered":"http:\/\/www.redenoticia.com.br\/noticia\/?p=84162"},"modified":"2016-04-11T17:14:52","modified_gmt":"2016-04-11T20:14:52","slug":"novela-velho-chico-resumo-1204-santo-vive-sufocado-por-luzia","status":"publish","type":"post","link":"https:\/\/migracao.redenoticia.com.br\/noticia\/2016\/novela-velho-chico-resumo-1204-santo-vive-sufocado-por-luzia\/84162","title":{"rendered":"Novela \u201cVelho Chico\u201d resumo 12\/04: Santo vive sufocado por Luzia"},"content":{"rendered":"<p> <img loading=\"lazy\" decoding=\"async\" class=\"alignleft size-thumbnail wp-image-82169\" src=\"https:\/\/migracao.redenoticia.com.br\/noticia\/imagens\/velho_chico_novela_resumo_globo-150x112.jpg\" alt=\"velho_chico_novela_resumo_globo\" width=\"150\" height=\"112\" srcset=\"https:\/\/migracao.redenoticia.com.br\/noticia\/imagens\/velho_chico_novela_resumo_globo-150x112.jpg 150w, https:\/\/migracao.redenoticia.com.br\/noticia\/imagens\/velho_chico_novela_resumo_globo-265x198.jpg 265w\" sizes=\"auto, (max-width: 150px) 100vw, 150px\" \/><strong><em>Novela \u201cVelho Chico\u201d resumo 12\/04<\/em><\/strong>: depois de queimar as cartas de Teresa, Luzia consegue se casar com Santo. A produ\u00e7\u00e3o de algod\u00e3o \u00e9 coisa do passado em Grotas de S\u00e3o Francisco. A cooperativa, que era sonho do capit\u00e3o Rosa (Rodrigo Lombardi) virou realidade, mas anda cambaleante com a m\u00e1 administra\u00e7\u00e3o e a falta de uni\u00e3o dos agricultores. Santo \u00e9 um homem frustrado e vive sufocado pela mulher Luzia (Lucy Alves). Ela faz de tudo para mant\u00ea-lo dentro da fazenda Piat\u00e3, diante de seus olhos.<\/p>\n<p>Original: http:\/\/noticiasdatv.uol.com.br\/noticia\/novelas\/nova-fase-de-velho-chico-chega-com-personagens-amargurados-e-sem-sexo-10924#ixzz45Udh9S6p<br \/>\nFollow us: @danielkastro on Twitter | noticiasdatvoficial on Facebook<\/p>\n<p>No capitulo 026 (*), novela \u201cVelho Chico\u201d, ter\u00e7a-feira, 12 de abril \u2013 Luzia se incomoda com a indiferen\u00e7a de Santo. Encarna\u00e7\u00e3o procura por Martim e Tereza percebe. Afr\u00e2nio se recusa a assistir \u00e0 missa de anivers\u00e1rio de Encarna\u00e7\u00e3o. C\u00edcero reza e agradece pela volta de Tereza. <\/p>\n<p>Afr\u00e2nio revela a Chico Criatura que planeja preparar Miguel para assumir o seu lugar. Tereza promete levar Martim ao encontro de Encarna\u00e7\u00e3o. <\/p>\n<p>Iolanda e Tereza temem que Miguel volte para a fazenda e descubra quem \u00e9 seu verdadeiro pai. Ol\u00edvia estranha o comportamento de Santo. Tereza avista Santo e Carlos Eduardo a surpreende.  <\/p>\n<p>(*) edi\u00e7\u00e3o da Rede Globo, Novela \u201cVelho Chico\u201d, sujeito a altera\u00e7\u00e3o de data e conte\u00fado.<\/p>\n","protected":false},"excerpt":{"rendered":"<p>Novela \u201cVelho Chico\u201d resumo 12\/04: depois de queimar as cartas de Teresa, Luzia consegue se casar com Santo. A produ\u00e7\u00e3o de algod\u00e3o \u00e9 coisa do passado em Grotas de S\u00e3o Francisco. A cooperativa, que era sonho do capit\u00e3o Rosa (Rodrigo Lombardi) virou realidade, mas anda cambaleante com a m\u00e1 administra\u00e7\u00e3o e a falta de uni\u00e3o [&hellip;]<\/p>\n","protected":false},"author":2,"featured_media":82169,"comment_status":"open","ping_status":"closed","sticky":false,"template":"","format":"standard","meta":{"tdm_status":"","tdm_grid_status":"","footnotes":""},"categories":[379,375,343],"tags":[441],"class_list":{"0":"post-84162","1":"post","2":"type-post","3":"status-publish","4":"format-standard","5":"has-post-thumbnail","7":"category-novelas","8":"category-rede-globo","9":"category-televisao","10":"tag-resumo-do-dia"},"_links":{"self":[{"href":"https:\/\/migracao.redenoticia.com.br\/noticia\/wp-json\/wp\/v2\/posts\/84162","targetHints":{"allow":["GET"]}}],"collection":[{"href":"https:\/\/migracao.redenoticia.com.br\/noticia\/wp-json\/wp\/v2\/posts"}],"about":[{"href":"https:\/\/migracao.redenoticia.com.br\/noticia\/wp-json\/wp\/v2\/types\/post"}],"author":[{"embeddable":true,"href":"https:\/\/migracao.redenoticia.com.br\/noticia\/wp-json\/wp\/v2\/users\/2"}],"replies":[{"embeddable":true,"href":"https:\/\/migracao.redenoticia.com.br\/noticia\/wp-json\/wp\/v2\/comments?post=84162"}],"version-history":[{"count":0,"href":"https:\/\/migracao.redenoticia.com.br\/noticia\/wp-json\/wp\/v2\/posts\/84162\/revisions"}],"wp:featuredmedia":[{"embeddable":true,"href":"https:\/\/migracao.redenoticia.com.br\/noticia\/wp-json\/wp\/v2\/media\/82169"}],"wp:attachment":[{"href":"https:\/\/migracao.redenoticia.com.br\/noticia\/wp-json\/wp\/v2\/media?parent=84162"}],"wp:term":[{"taxonomy":"category","embeddable":true,"href":"https:\/\/migracao.redenoticia.com.br\/noticia\/wp-json\/wp\/v2\/categories?post=84162"},{"taxonomy":"post_tag","embeddable":true,"href":"https:\/\/migracao.redenoticia.com.br\/noticia\/wp-json\/wp\/v2\/tags?post=84162"}],"curies":[{"name":"wp","href":"https:\/\/api.w.org\/{rel}","templated":true}]}}