{"id":84173,"date":"2016-04-12T21:35:04","date_gmt":"2016-04-13T00:35:04","guid":{"rendered":"http:\/\/www.redenoticia.com.br\/noticia\/?p=84173"},"modified":"2016-04-12T15:03:08","modified_gmt":"2016-04-12T18:03:08","slug":"novela-velho-chico-resumo-1304-tereza-enfrenta-afranio","status":"publish","type":"post","link":"https:\/\/migracao.redenoticia.com.br\/noticia\/2016\/novela-velho-chico-resumo-1304-tereza-enfrenta-afranio\/84173","title":{"rendered":"Novela \u201cVelho Chico\u201d resumo 13\/04: Tereza enfrenta Afr\u00e2nio"},"content":{"rendered":"<p> <img loading=\"lazy\" decoding=\"async\" class=\"alignleft size-thumbnail wp-image-82169\" src=\"https:\/\/migracao.redenoticia.com.br\/noticia\/imagens\/velho_chico_novela_resumo_globo-150x112.jpg\" alt=\"velho_chico_novela_resumo_globo\" width=\"150\" height=\"112\" srcset=\"https:\/\/migracao.redenoticia.com.br\/noticia\/imagens\/velho_chico_novela_resumo_globo-150x112.jpg 150w, https:\/\/migracao.redenoticia.com.br\/noticia\/imagens\/velho_chico_novela_resumo_globo-265x198.jpg 265w\" sizes=\"auto, (max-width: 150px) 100vw, 150px\" \/><strong><em>Novela \u201cVelho Chico\u201d resumo 13\/04<\/em><\/strong>: ao voltar para a fazenda, Tereza e seu pai n\u00e3o compartilham das mesmas ideias. Andando pela fazenda ela v\u00ea frutas em mal estado sendo colocadas nos caminh\u00f5es para venda. Tereza enfrenta Afr\u00e2nio e Iolanda se preocupa. No dia seguinte, Tereza v\u00ea que os trabalhadores continuam colhendo frutas ruins. Tereza ordena que se interrompa a colheita, procura o pai e os dois acabam tendo uma nova briga.<\/p>\n<p>No capitulo 027 (*), novela \u201cVelho Chico\u201d, quarta-feira, 13 de abril \u2013 Tereza comenta com Carlos Eduardo que se arrepende de esconder de Miguel a identidade de seu pai biol\u00f3gico. Dalva sente ci\u00fames do amor de C\u00edcero por Tereza. Tereza enfrenta Afr\u00e2nio e Iolanda se preocupa. <\/p>\n<p>Ol\u00edvia confronta Santo e reclama das atitudes do pai para Piedade. Na c\u00e2mara dos vereadores, Bento luta para melhorar a sa\u00fade da popula\u00e7\u00e3o. Luzia desabafa com Piedade sobre o amor de Santo por Tereza. <\/p>\n<p>Tereza ordena que se interrompa a colheita das frutas da fazenda. C\u00edcero alerta Afr\u00e2nio sobre a paraliza\u00e7\u00e3o dos empregados. <\/p>\n<p>(*) edi\u00e7\u00e3o da Rede Globo, Novela \u201cVelho Chico\u201d, sujeito a altera\u00e7\u00e3o de data e conte\u00fado. <\/p>\n","protected":false},"excerpt":{"rendered":"<p>Novela \u201cVelho Chico\u201d resumo 13\/04: ao voltar para a fazenda, Tereza e seu pai n\u00e3o compartilham das mesmas ideias. Andando pela fazenda ela v\u00ea frutas em mal estado sendo colocadas nos caminh\u00f5es para venda. Tereza enfrenta Afr\u00e2nio e Iolanda se preocupa. No dia seguinte, Tereza v\u00ea que os trabalhadores continuam colhendo frutas ruins. Tereza ordena [&hellip;]<\/p>\n","protected":false},"author":2,"featured_media":82169,"comment_status":"open","ping_status":"closed","sticky":false,"template":"","format":"standard","meta":{"tdm_status":"","tdm_grid_status":"","footnotes":""},"categories":[379,375,343],"tags":[441],"class_list":{"0":"post-84173","1":"post","2":"type-post","3":"status-publish","4":"format-standard","5":"has-post-thumbnail","7":"category-novelas","8":"category-rede-globo","9":"category-televisao","10":"tag-resumo-do-dia"},"_links":{"self":[{"href":"https:\/\/migracao.redenoticia.com.br\/noticia\/wp-json\/wp\/v2\/posts\/84173","targetHints":{"allow":["GET"]}}],"collection":[{"href":"https:\/\/migracao.redenoticia.com.br\/noticia\/wp-json\/wp\/v2\/posts"}],"about":[{"href":"https:\/\/migracao.redenoticia.com.br\/noticia\/wp-json\/wp\/v2\/types\/post"}],"author":[{"embeddable":true,"href":"https:\/\/migracao.redenoticia.com.br\/noticia\/wp-json\/wp\/v2\/users\/2"}],"replies":[{"embeddable":true,"href":"https:\/\/migracao.redenoticia.com.br\/noticia\/wp-json\/wp\/v2\/comments?post=84173"}],"version-history":[{"count":0,"href":"https:\/\/migracao.redenoticia.com.br\/noticia\/wp-json\/wp\/v2\/posts\/84173\/revisions"}],"wp:featuredmedia":[{"embeddable":true,"href":"https:\/\/migracao.redenoticia.com.br\/noticia\/wp-json\/wp\/v2\/media\/82169"}],"wp:attachment":[{"href":"https:\/\/migracao.redenoticia.com.br\/noticia\/wp-json\/wp\/v2\/media?parent=84173"}],"wp:term":[{"taxonomy":"category","embeddable":true,"href":"https:\/\/migracao.redenoticia.com.br\/noticia\/wp-json\/wp\/v2\/categories?post=84173"},{"taxonomy":"post_tag","embeddable":true,"href":"https:\/\/migracao.redenoticia.com.br\/noticia\/wp-json\/wp\/v2\/tags?post=84173"}],"curies":[{"name":"wp","href":"https:\/\/api.w.org\/{rel}","templated":true}]}}