{"id":84202,"date":"2016-04-12T14:38:56","date_gmt":"2016-04-12T17:38:56","guid":{"rendered":"http:\/\/www.redenoticia.com.br\/noticia\/?p=84202"},"modified":"2016-04-12T14:38:56","modified_gmt":"2016-04-12T17:38:56","slug":"novela-a-mentira-resumo-1304-demetrio-oficializa-pedido-de-casamento","status":"publish","type":"post","link":"https:\/\/migracao.redenoticia.com.br\/noticia\/2016\/novela-a-mentira-resumo-1304-demetrio-oficializa-pedido-de-casamento\/84202","title":{"rendered":"Novela \u201cA Mentira\u201d resumo 13\/04: Dem\u00e9trio oficializa pedido de casamento"},"content":{"rendered":"<p> <img loading=\"lazy\" decoding=\"async\" class=\"alignleft size-thumbnail wp-image-83096\" src=\"https:\/\/migracao.redenoticia.com.br\/noticia\/imagens\/a_mentira_sbt_resumo_novela-150x112.jpg\" alt=\"a_mentira_sbt_resumo_novela\" width=\"150\" height=\"112\" srcset=\"https:\/\/migracao.redenoticia.com.br\/noticia\/imagens\/a_mentira_sbt_resumo_novela-150x112.jpg 150w, https:\/\/migracao.redenoticia.com.br\/noticia\/imagens\/a_mentira_sbt_resumo_novela-265x198.jpg 265w\" sizes=\"auto, (max-width: 150px) 100vw, 150px\" \/><strong><em>Novela \u201cA Mentira\u201d resumo 13\/04:<\/em><\/strong> Jo\u00e3o n\u00e3o aceita perder Ver\u00f4nica e pede a seu pai que n\u00e3o permita que ela se case com Dem\u00e9trio. Mais tarde, Dem\u00e9trio vai at\u00e9 a mans\u00e3o dos Fernandez Negrete para oficializar o pedido de casamento. A presen\u00e7a dele deixa Jo\u00e3o muito perturbado. Ver\u00f4nica diz a Jo\u00e3o que gosta muito dele, e pede desculpas por n\u00e3o poder am\u00e1-lo. Teodoro tenta alertar Dem\u00e9trio sobre o suposto passado de sua sobrinha, mas o rapaz n\u00e3o permite que ele diga nada contra Ver\u00f4nica, e diz que quer se casar o mais r\u00e1pido poss\u00edvel.<\/p>\n<p>No capitulo 013(*), novela \u201cA Mentira\u201d, quarta-feira, 13 de abril \u2013 Ver\u00f4nica corre para dar a grande not\u00edcia e, diante da d\u00favida de Dem\u00e9trio, ela afirma que est\u00e1 disposta a abrir m\u00e3o da sua carreira para viver a seu lado. Jo\u00e3o n\u00e3o aceita perder Ver\u00f4nica e pede a seu pai que n\u00e3o permita que ela se case com Dem\u00e9trio. <\/p>\n<p>Ao ver o desespero do filho ele decide contar ao engenheiro que Ver\u00f4nica foi namorada do seu irm\u00e3o e que abortou um filho dele. Mais tarde Dem\u00e9trio vai at\u00e9 a mans\u00e3o dos Fernandez Negrete para oficializar o pedido de casamento. A presen\u00e7a dele deixa Jo\u00e3o muito perturbado. Ver\u00f4nica tenta melhorar o astral do primo, diz que gosta muito dele e pede desculpas por n\u00e3o poder am\u00e1-lo. Jo\u00e3o desabafa com sua tia Let\u00edcia toda a ang\u00fastia que est\u00e1 sentindo. <\/p>\n<p>Teodoro tenta alertar Dem\u00e9trio sobre o \u201csuposto\u201d passado de sua sobrinha, mas o rapaz n\u00e3o permite que ele diga nada e diz que quer se casar o mais r\u00e1pido poss\u00edvel. Dividido entre o amor que sente por Ver\u00f4nica e o desejo de vingan\u00e7a, Dem\u00e9trio confessa a ela que gostaria muito de poder desabafar e contar tudo que guarda no seu \u00edntimo, mas que no momento n\u00e3o pode dizer nada. <\/p>\n<p>(*) edi\u00e7\u00e3o do SBT, Novela \u201cA Mentira\u201d, sujeito a altera\u00e7\u00e3o de data e conte\u00fado.<\/p>\n","protected":false},"excerpt":{"rendered":"<p>Novela \u201cA Mentira\u201d resumo 13\/04: Jo\u00e3o n\u00e3o aceita perder Ver\u00f4nica e pede a seu pai que n\u00e3o permita que ela se case com Dem\u00e9trio. Mais tarde, Dem\u00e9trio vai at\u00e9 a mans\u00e3o dos Fernandez Negrete para oficializar o pedido de casamento. A presen\u00e7a dele deixa Jo\u00e3o muito perturbado. Ver\u00f4nica diz a Jo\u00e3o que gosta muito dele, [&hellip;]<\/p>\n","protected":false},"author":2,"featured_media":83096,"comment_status":"open","ping_status":"closed","sticky":false,"template":"","format":"standard","meta":{"tdm_status":"","tdm_grid_status":"","footnotes":""},"categories":[379,372,343],"tags":[441],"class_list":{"0":"post-84202","1":"post","2":"type-post","3":"status-publish","4":"format-standard","5":"has-post-thumbnail","7":"category-novelas","8":"category-sbt","9":"category-televisao","10":"tag-resumo-do-dia"},"_links":{"self":[{"href":"https:\/\/migracao.redenoticia.com.br\/noticia\/wp-json\/wp\/v2\/posts\/84202","targetHints":{"allow":["GET"]}}],"collection":[{"href":"https:\/\/migracao.redenoticia.com.br\/noticia\/wp-json\/wp\/v2\/posts"}],"about":[{"href":"https:\/\/migracao.redenoticia.com.br\/noticia\/wp-json\/wp\/v2\/types\/post"}],"author":[{"embeddable":true,"href":"https:\/\/migracao.redenoticia.com.br\/noticia\/wp-json\/wp\/v2\/users\/2"}],"replies":[{"embeddable":true,"href":"https:\/\/migracao.redenoticia.com.br\/noticia\/wp-json\/wp\/v2\/comments?post=84202"}],"version-history":[{"count":0,"href":"https:\/\/migracao.redenoticia.com.br\/noticia\/wp-json\/wp\/v2\/posts\/84202\/revisions"}],"wp:featuredmedia":[{"embeddable":true,"href":"https:\/\/migracao.redenoticia.com.br\/noticia\/wp-json\/wp\/v2\/media\/83096"}],"wp:attachment":[{"href":"https:\/\/migracao.redenoticia.com.br\/noticia\/wp-json\/wp\/v2\/media?parent=84202"}],"wp:term":[{"taxonomy":"category","embeddable":true,"href":"https:\/\/migracao.redenoticia.com.br\/noticia\/wp-json\/wp\/v2\/categories?post=84202"},{"taxonomy":"post_tag","embeddable":true,"href":"https:\/\/migracao.redenoticia.com.br\/noticia\/wp-json\/wp\/v2\/tags?post=84202"}],"curies":[{"name":"wp","href":"https:\/\/api.w.org\/{rel}","templated":true}]}}