{"id":84206,"date":"2016-04-12T14:42:42","date_gmt":"2016-04-12T17:42:42","guid":{"rendered":"http:\/\/www.redenoticia.com.br\/noticia\/?p=84206"},"modified":"2016-04-12T14:42:42","modified_gmt":"2016-04-12T17:42:42","slug":"novela-abismo-da-paixao-resumo-1304-o-regresso-de-damiao","status":"publish","type":"post","link":"https:\/\/migracao.redenoticia.com.br\/noticia\/2016\/novela-abismo-da-paixao-resumo-1304-o-regresso-de-damiao\/84206","title":{"rendered":"Novela \u201cAbismo da Paix\u00e3o\u201d resumo 13\/04: o regresso de Dami\u00e3o"},"content":{"rendered":"<p> <img loading=\"lazy\" decoding=\"async\" class=\"alignleft size-thumbnail wp-image-81978\" src=\"https:\/\/migracao.redenoticia.com.br\/noticia\/imagens\/abismo_de_paixao_sbt_resumo_novela-150x112.jpg\" alt=\"abismo_de_paixao_sbt_resumo_novela\" width=\"150\" height=\"112\" srcset=\"https:\/\/migracao.redenoticia.com.br\/noticia\/imagens\/abismo_de_paixao_sbt_resumo_novela-150x112.jpg 150w, https:\/\/migracao.redenoticia.com.br\/noticia\/imagens\/abismo_de_paixao_sbt_resumo_novela-265x198.jpg 265w\" sizes=\"auto, (max-width: 150px) 100vw, 150px\" \/><strong><em>Novela \u201cAbismo da Paix\u00e3o\u201d resumo 13\/04<\/em><\/strong>: Dami\u00e3o volta ao povoado e Elisa se surpreende ao v\u00ea-lo. Ele finge que n\u00e3o a reconhece e se despede friamente. Almerinda se zanga com o filho, por ele n\u00e3o ter avisado que voltaria. Dami\u00e3o fala qu,e se tivesse avisado, ela faria at\u00e9 o imposs\u00edvel para que ele n\u00e3o voltasse. Magoada, Elisa diz a Dolores que Dami\u00e3o voltou ao povoado e, quando estava de frente a ela, n\u00e3o a reconheceu. Dolores tenta anim\u00e1-la e diz que ele n\u00e3o a reconheceu porque estava de noite, e por sua apar\u00eancia ter mudado muito. Logo depois, Eliza conta a Gael sobre o regresso de Dami\u00e3o ao povoado. <\/p>\n<p>No cap\u00edtulo 012 (*), novela \u201cAbismo da Paix\u00e3o\u201d, quarta-feira, 13 de abril \u2013 Elisa reconhece Dami\u00e3o de imediato. Ele finge que n\u00e3o a reconhece e se despede friamente. Antonia diz a Almerinda que Ramiro incomoda as pessoas na fazenda e pede que ela converse com ele. Almerinda diz que conversar\u00e1, mas pede que Antonia fique longe dele, pois custou muito fazer dela uma mulher decente e encontrar um homem que a respeitasse. Almerinda se zanga com a chegada de Dami\u00e3o por n\u00e3o ter avisado que voltaria. Ele responde que se tivesse avisado, sabia que a m\u00e3e faria at\u00e9 o imposs\u00edvel para que ele n\u00e3o voltasse, eles se abra\u00e7am emocionados. Elisa diz a Dolores que Dami\u00e3o voltou ao povoado e, quando estava de frente a ela, n\u00e3o a reconheceu. <\/p>\n<p>Dolores tenta anim\u00e1-la e diz que ele apenas n\u00e3o a reconheceu porque estava de noite e por sua apar\u00eancia ter mudado muito. Gael leva uns pap\u00e9is a Augusto. Carmen diz que ele \u00e9 muito ing\u00eanuo, porque sabe que os pap\u00e9is s\u00e3o apenas um pretexto para visitar Elisa. Elisa diz a Gael que as vezes sente vontade de sair correndo de sua casa, pois j\u00e1 n\u00e3o aguenta a apatia de seu pai e a amargura de sua tia. Gael diz a Elisa pode ajud\u00e1-la caso queira ir morar em outro lugar. Elisa responde que n\u00e3o quer motivos para que a gente do povoado fale ainda mais dela. Ela tamb\u00e9m diz a Gael sobre o regresso de Dami\u00e3o ao povoado. Dami\u00e3o conta a sua m\u00e3e o motivo de seu regresso para que ela saiba que ele se casar\u00e1 com Flor\u00eancia. <\/p>\n<p>Almerinda, muito feliz, diz que essa garota \u00e9 maravilhosa, pois \u00e9 de uma fam\u00edlia tradicional e de seu n\u00edvel social. O Padre Lupe est\u00e1 feliz com a volta de Dami\u00e3o, mas quando o v\u00ea o recrimina por nunca lhe ter escrito uma s\u00f3 carta. Gael diz a Augusto que \u00e9 t\u00e3o evidente sua apatia que todo povoado nota. Carmen, querendo causar intriga, diz a Augusto que deveria ser mais duro com Elisa, porque ela poderia se transformar numa mulher como Estef\u00e2nia, pois nem o sangue de Augusto ela tem. Elisa, chorando, pergunta a Augusto porque ele deixou de am\u00e1-la, e j\u00e1 n\u00e3o mais a trata como sua \u201cprincesinha\u201d.  <\/p>\n<p>(*) edi\u00e7\u00e3o do SBT, Novela \u201cAbismo da Paix\u00e3o\u201d, sujeito a altera\u00e7\u00e3o de data e conte\u00fado.<\/p>\n","protected":false},"excerpt":{"rendered":"<p>Novela \u201cAbismo da Paix\u00e3o\u201d resumo 13\/04: Dami\u00e3o volta ao povoado e Elisa se surpreende ao v\u00ea-lo. Ele finge que n\u00e3o a reconhece e se despede friamente. Almerinda se zanga com o filho, por ele n\u00e3o ter avisado que voltaria. Dami\u00e3o fala qu,e se tivesse avisado, ela faria at\u00e9 o imposs\u00edvel para que ele n\u00e3o voltasse. [&hellip;]<\/p>\n","protected":false},"author":2,"featured_media":81978,"comment_status":"open","ping_status":"closed","sticky":false,"template":"","format":"standard","meta":{"tdm_status":"","tdm_grid_status":"","footnotes":""},"categories":[379,372,343],"tags":[441],"class_list":{"0":"post-84206","1":"post","2":"type-post","3":"status-publish","4":"format-standard","5":"has-post-thumbnail","7":"category-novelas","8":"category-sbt","9":"category-televisao","10":"tag-resumo-do-dia"},"_links":{"self":[{"href":"https:\/\/migracao.redenoticia.com.br\/noticia\/wp-json\/wp\/v2\/posts\/84206","targetHints":{"allow":["GET"]}}],"collection":[{"href":"https:\/\/migracao.redenoticia.com.br\/noticia\/wp-json\/wp\/v2\/posts"}],"about":[{"href":"https:\/\/migracao.redenoticia.com.br\/noticia\/wp-json\/wp\/v2\/types\/post"}],"author":[{"embeddable":true,"href":"https:\/\/migracao.redenoticia.com.br\/noticia\/wp-json\/wp\/v2\/users\/2"}],"replies":[{"embeddable":true,"href":"https:\/\/migracao.redenoticia.com.br\/noticia\/wp-json\/wp\/v2\/comments?post=84206"}],"version-history":[{"count":0,"href":"https:\/\/migracao.redenoticia.com.br\/noticia\/wp-json\/wp\/v2\/posts\/84206\/revisions"}],"wp:featuredmedia":[{"embeddable":true,"href":"https:\/\/migracao.redenoticia.com.br\/noticia\/wp-json\/wp\/v2\/media\/81978"}],"wp:attachment":[{"href":"https:\/\/migracao.redenoticia.com.br\/noticia\/wp-json\/wp\/v2\/media?parent=84206"}],"wp:term":[{"taxonomy":"category","embeddable":true,"href":"https:\/\/migracao.redenoticia.com.br\/noticia\/wp-json\/wp\/v2\/categories?post=84206"},{"taxonomy":"post_tag","embeddable":true,"href":"https:\/\/migracao.redenoticia.com.br\/noticia\/wp-json\/wp\/v2\/tags?post=84206"}],"curies":[{"name":"wp","href":"https:\/\/api.w.org\/{rel}","templated":true}]}}