{"id":8421,"date":"2009-08-12T16:25:24","date_gmt":"2009-08-12T20:25:24","guid":{"rendered":"http:\/\/www.redenoticia.com.br\/noticia\/?p=8421"},"modified":"2009-08-14T19:28:53","modified_gmt":"2009-08-14T23:28:53","slug":"gripe-suina-o-influenza-a-h1n1-em-debate-interativo-no-site-da-fiocruz-participe-ao-vivo-com-perguntas-sexta-14","status":"publish","type":"post","link":"https:\/\/migracao.redenoticia.com.br\/noticia\/2009\/gripe-suina-o-influenza-a-h1n1-em-debate-interativo-no-site-da-fiocruz-participe-ao-vivo-com-perguntas-sexta-14\/8421","title":{"rendered":"&#8220;Gripe Su\u00edna&#8221; o Influenza A (H1N1) em debate interativo no site da fiocruz. Participe ao vivo com perguntas, sexta (14)"},"content":{"rendered":"<p>O Sala de Convidados, do Canal Sa\u00fade\/Fiocruz, debate sexta (14), \u00e0s 13h, o desafio que a &#8220;Gripe Su\u00edna&#8221; o Influenza A (H1N1) vem impondo a gestores, profissionais de sa\u00fade e \u00e0 popula\u00e7\u00e3o. Ao mesmo tempo em que pesquisadores tentam decifrar o v\u00edrus, gestores e profissionais de sa\u00fade precisam tomar decis\u00f5es r\u00e1pidas e eficazes, de cuidados com a popula\u00e7\u00e3o. Popula\u00e7\u00e3o que, por sua vez, se v\u00ea obrigada a mudar seus h\u00e1bitos para se prevenir.<\/p>\n<p>As descobertas sobre a rea\u00e7\u00e3o das pessoas \u00e0 exposi\u00e7\u00e3o ao v\u00edrus da &#8220;Gripe Su\u00edna&#8221; o Influenza A (H1N1), como os grupos de risco, exigem mudan\u00e7as de estrat\u00e9gias constantes. Como gerenciar tudo isso sem causar p\u00e2nico ou uma sobrecarga no sistema p\u00fablico de sa\u00fade? Opine ao vivo.\u00a0No programa Sala de Convidados, o p\u00fablico participa ao vivo pela WEB www.canalsaude.fiocruz.br, no chat, ou assistindo pela NBR e ligando 0800 701 8122.\u00a0Se preferir, antecipe a participa\u00e7\u00e3o pelo canal@fiocruz.br<\/p>\n<p>Convidados &#8211; para conversar com internautas e telespectadores ao vivo sobre a &#8220;Gripe Su\u00edna&#8221; o Influenza A (H1N1), estar\u00e3o no est\u00fadio representantes do Minist\u00e9rio da Sa\u00fade, do Conselho Nacional de Secret\u00e1rios de Sa\u00fade (Conass), da Ag\u00eancia Nacional de Vigil\u00e2ncia Sanit\u00e1ria (Anvisa) e da Secretaria de Vigil\u00e2ncia em Sa\u00fade.<\/p>\n<p>N\u00fameros &#8211; No \u00faltimo dia 11, ter\u00e7a-feira, o ministro da Sa\u00fade, Jos\u00e9 Gomes Tempor\u00e3o, informou que o n\u00famero de mortes provocadas pela influenza A (H1N1) &#8211; gripe su\u00edna &#8211; no pa\u00eds chegava a 192. O \u00faltimo boletim divulgado pelo minist\u00e9rio indicava 96 \u00f3bitos. Segundo Tempor\u00e3o, a doen\u00e7a j\u00e1 representa 77% do total dos casos de gripe no Brasil.<\/p>\n<p>Dados do minist\u00e9rio indicam que 43% dos infectados pela &#8220;Gripe Su\u00edna&#8221; o Influenza A (H1N1)\u00a0apresentam pelo menos um fator de risco. Dentre os principais citados pelo ministro estavam pacientes com doen\u00e7as respirat\u00f3rias, crian\u00e7as menores de 2 anos, gestantes, pacientes imunodeprimidos e cardiopatas. A maioria das mortes foi registrada em S\u00e3o Paulo (40%). Em seguida aparece o Rio Grande do Sul (23%) e o Paran\u00e1 (22%).<\/p>\n<p>At\u00e9 ent\u00e3o, a &#8220;Gripe Su\u00edna&#8221; o Influenza A (H1N1)\u00a0havia provocado a morte de 28 gestantes &#8211; 14,5% do total de \u00f3bitos. De acordo com Tempor\u00e3o, 30% delas apresentavam pelo menos um fator de risco adicional, como press\u00e3o arterial elevada (Fonte: Ag\u00eancia Brasil).<\/p>\n<p>Participe ao vivo com sua opini\u00e3o. At\u00e9 l\u00e1!<\/p>\n<p>Onde ver &#8211; Para saber como assistir a NBR na sua cidade ou obter mais informa\u00e7\u00f5es sobre a NBR, acesse http:\/\/www.ebcservicos.ebc.com.br\/veiculos\/nbr Para assistir no site do Canal Sa\u00fade, acesse , clique na TV com a inscri\u00e7\u00e3o &#8220;ao vivo&#8221; e participe a partir do chat associado \u00e0 transmiss\u00e3o. Se preferir, antecipe suas perguntas: canal@fiocruz.br. O Sala de Convidados \u00e9 apresentado por Renato Farias.<\/p>\n","protected":false},"excerpt":{"rendered":"<p>O Sala de Convidados, do Canal Sa\u00fade\/Fiocruz, debate sexta (14), \u00e0s 13h, o desafio que a &#8220;Gripe Su\u00edna&#8221; o Influenza A (H1N1) vem impondo a gestores, profissionais de sa\u00fade e \u00e0 popula\u00e7\u00e3o. Ao mesmo tempo em que pesquisadores tentam decifrar o v\u00edrus, gestores e profissionais de sa\u00fade precisam tomar decis\u00f5es r\u00e1pidas e eficazes, de cuidados [&hellip;]<\/p>\n","protected":false},"author":3,"featured_media":0,"comment_status":"open","ping_status":"open","sticky":false,"template":"","format":"standard","meta":{"tdm_status":"","tdm_grid_status":"","footnotes":""},"categories":[22,5,343],"tags":[],"class_list":{"0":"post-8421","1":"post","2":"type-post","3":"status-publish","4":"format-standard","6":"category-brasil","7":"category-saude-e-vida","8":"category-televisao"},"_links":{"self":[{"href":"https:\/\/migracao.redenoticia.com.br\/noticia\/wp-json\/wp\/v2\/posts\/8421","targetHints":{"allow":["GET"]}}],"collection":[{"href":"https:\/\/migracao.redenoticia.com.br\/noticia\/wp-json\/wp\/v2\/posts"}],"about":[{"href":"https:\/\/migracao.redenoticia.com.br\/noticia\/wp-json\/wp\/v2\/types\/post"}],"author":[{"embeddable":true,"href":"https:\/\/migracao.redenoticia.com.br\/noticia\/wp-json\/wp\/v2\/users\/3"}],"replies":[{"embeddable":true,"href":"https:\/\/migracao.redenoticia.com.br\/noticia\/wp-json\/wp\/v2\/comments?post=8421"}],"version-history":[{"count":0,"href":"https:\/\/migracao.redenoticia.com.br\/noticia\/wp-json\/wp\/v2\/posts\/8421\/revisions"}],"wp:attachment":[{"href":"https:\/\/migracao.redenoticia.com.br\/noticia\/wp-json\/wp\/v2\/media?parent=8421"}],"wp:term":[{"taxonomy":"category","embeddable":true,"href":"https:\/\/migracao.redenoticia.com.br\/noticia\/wp-json\/wp\/v2\/categories?post=8421"},{"taxonomy":"post_tag","embeddable":true,"href":"https:\/\/migracao.redenoticia.com.br\/noticia\/wp-json\/wp\/v2\/tags?post=8421"}],"curies":[{"name":"wp","href":"https:\/\/api.w.org\/{rel}","templated":true}]}}