{"id":84214,"date":"2016-04-12T18:30:46","date_gmt":"2016-04-12T21:30:46","guid":{"rendered":"http:\/\/www.redenoticia.com.br\/noticia\/?p=84214"},"modified":"2016-04-12T14:53:14","modified_gmt":"2016-04-12T17:53:14","slug":"novela-meu-coracao-e-teu-resumo-1304-luz-salva-ana","status":"publish","type":"post","link":"https:\/\/migracao.redenoticia.com.br\/noticia\/2016\/novela-meu-coracao-e-teu-resumo-1304-luz-salva-ana\/84214","title":{"rendered":"Novela \u201cMeu Cora\u00e7\u00e3o \u00e9 Teu\u201d resumo 13\/04: Luz salva Ana"},"content":{"rendered":"<p> <img loading=\"lazy\" decoding=\"async\" src=\"https:\/\/migracao.redenoticia.com.br\/noticia\/imagens\/meu_coracao_e_teu_novela_resumo_sbt-150x112.jpg\" alt=\"meu_coracao_e_teu_novela_resumo_sbt\" width=\"150\" height=\"112\" class=\"alignleft size-thumbnail wp-image-82119\" srcset=\"https:\/\/migracao.redenoticia.com.br\/noticia\/imagens\/meu_coracao_e_teu_novela_resumo_sbt-150x112.jpg 150w, https:\/\/migracao.redenoticia.com.br\/noticia\/imagens\/meu_coracao_e_teu_novela_resumo_sbt-265x198.jpg 265w\" sizes=\"auto, (max-width: 150px) 100vw, 150px\" \/><strong><em>Novela \u201cMeu Cora\u00e7\u00e3o \u00e9 Teu\u201d resumo 13\/04<\/em><\/strong>: Yolanda continua com seu plano para prejudicar a bab\u00e1. Na biblioteca, Ana conversa com Fernando sobre Sebasti\u00e3o. Isabela e Yolanda entram revoltadas e acusam Ana de ladra. Elas querem procurar o colar roubado no quarto de Ana e a bab\u00e1 autoriza. Elas vasculham o quarto e n\u00e3o o encontram, pois Luz escutou o plano de Yolanda e Isabela e, por conta pr\u00f3pria, levou o colar para o quarto de Yolanda. Fernando pergunta a Isabela porque sua m\u00e3e quer causar problemas a Ana. <\/p>\n<p>No cap\u00edtulo 033 (*), novela \u201cMeu Cora\u00e7\u00e3o \u00e9 Teu\u201d, quarta-feira, 13 de abril \u2013 Helena enfrenta T\u00e2mara quando v\u00ea que ela agrediu Fanny. Helena diz a T\u00e2mara que Fanny n\u00e3o est\u00e1 s\u00f3. Nicolas diz a Bruno que \u00e9 evidente que ele sente algo por Manuela. Bruno concorda, mas diz que ainda sofre por um amor do passado. Fanny aceita trabalhar com Henrique. Isabela pede a Fernando que a ajude a pagar suas d\u00edvidas. Ele aceita mas se surpreende ao ver o valor da conta. <\/p>\n<p>Ana se preocupa muito ao escutar que Sebasti\u00e3o odeia Isabela e que isso n\u00e3o vai mudar. Nicolas entra no quarto de tarefas das crian\u00e7as e fica emocionada ao ver que todos est\u00e3o empenhados nos trabalhos para a surpresa que far\u00e3o a Jennifer. Fanny e Henrique parece se entenderem bem, mas na verdade Fanny n\u00e3o sabe que Henrique apenas quer se vingar de Fernando. Jennifer sugere a Johnny que monte um espet\u00e1culo c\u00f4mico na \u201cChicago\u201d. Mais tarde, Johnny fala com Fernando para se desculpar e eles fazem as pazes. Yolanda conta a Isabela sobre o plano quanto ao colar de p\u00e9rolas. <\/p>\n<p>Ana diz a Fernando que Sebasti\u00e3o ainda sente muito a morte de sua m\u00e3e e isso o fez um garoto sens\u00edvel. Isabela e Yolanda entram na biblioteca acusando Ana de ladra na frente de Fernando. Elas exigem que procurem o colar roubado no quarto de Ana. Elas vasculham o quarto de Ana em busca do colar, mas n\u00e3o o encontram, pois Luz escutou o plano de Yolanda e Isabela e, por conta pr\u00f3pria, levou o colar para o quarto de Yolanda. Margarida diz a Fanny que Leon cometeu um erro, mas que ele a ama. Fanny conhece Mauricio.   <\/p>\n<p>(*) edi\u00e7\u00e3o do SBT, Novela \u201cMeu Cora\u00e7\u00e3o \u00e9 Teu\u201d, sujeito a altera\u00e7\u00e3o de data e conte\u00fado.<\/p>\n","protected":false},"excerpt":{"rendered":"<p>Novela \u201cMeu Cora\u00e7\u00e3o \u00e9 Teu\u201d resumo 13\/04: Yolanda continua com seu plano para prejudicar a bab\u00e1. Na biblioteca, Ana conversa com Fernando sobre Sebasti\u00e3o. Isabela e Yolanda entram revoltadas e acusam Ana de ladra. Elas querem procurar o colar roubado no quarto de Ana e a bab\u00e1 autoriza. Elas vasculham o quarto e n\u00e3o o [&hellip;]<\/p>\n","protected":false},"author":2,"featured_media":82119,"comment_status":"open","ping_status":"closed","sticky":false,"template":"","format":"standard","meta":{"tdm_status":"","tdm_grid_status":"","footnotes":""},"categories":[379,372,343],"tags":[441],"class_list":{"0":"post-84214","1":"post","2":"type-post","3":"status-publish","4":"format-standard","5":"has-post-thumbnail","7":"category-novelas","8":"category-sbt","9":"category-televisao","10":"tag-resumo-do-dia"},"_links":{"self":[{"href":"https:\/\/migracao.redenoticia.com.br\/noticia\/wp-json\/wp\/v2\/posts\/84214","targetHints":{"allow":["GET"]}}],"collection":[{"href":"https:\/\/migracao.redenoticia.com.br\/noticia\/wp-json\/wp\/v2\/posts"}],"about":[{"href":"https:\/\/migracao.redenoticia.com.br\/noticia\/wp-json\/wp\/v2\/types\/post"}],"author":[{"embeddable":true,"href":"https:\/\/migracao.redenoticia.com.br\/noticia\/wp-json\/wp\/v2\/users\/2"}],"replies":[{"embeddable":true,"href":"https:\/\/migracao.redenoticia.com.br\/noticia\/wp-json\/wp\/v2\/comments?post=84214"}],"version-history":[{"count":0,"href":"https:\/\/migracao.redenoticia.com.br\/noticia\/wp-json\/wp\/v2\/posts\/84214\/revisions"}],"wp:featuredmedia":[{"embeddable":true,"href":"https:\/\/migracao.redenoticia.com.br\/noticia\/wp-json\/wp\/v2\/media\/82119"}],"wp:attachment":[{"href":"https:\/\/migracao.redenoticia.com.br\/noticia\/wp-json\/wp\/v2\/media?parent=84214"}],"wp:term":[{"taxonomy":"category","embeddable":true,"href":"https:\/\/migracao.redenoticia.com.br\/noticia\/wp-json\/wp\/v2\/categories?post=84214"},{"taxonomy":"post_tag","embeddable":true,"href":"https:\/\/migracao.redenoticia.com.br\/noticia\/wp-json\/wp\/v2\/tags?post=84214"}],"curies":[{"name":"wp","href":"https:\/\/api.w.org\/{rel}","templated":true}]}}