{"id":84226,"date":"2016-04-12T18:29:58","date_gmt":"2016-04-12T21:29:58","guid":{"rendered":"http:\/\/www.redenoticia.com.br\/noticia\/?p=84226"},"modified":"2016-04-12T15:03:39","modified_gmt":"2016-04-12T18:03:39","slug":"novela-eta-mundo-bom-resumo-1304-anastacia-conhece-candinho","status":"publish","type":"post","link":"https:\/\/migracao.redenoticia.com.br\/noticia\/2016\/novela-eta-mundo-bom-resumo-1304-anastacia-conhece-candinho\/84226","title":{"rendered":"Novela \u201cEta Mundo Bom\u201d resumo 13\/04: Anast\u00e1cia conhece Candinho"},"content":{"rendered":"<p> <img loading=\"lazy\" decoding=\"async\" class=\"alignleft size-thumbnail wp-image-82131\" src=\"https:\/\/migracao.redenoticia.com.br\/noticia\/imagens\/eta_mundo_bom_globo_novela_resumo-150x112.jpg\" alt=\"eta_mundo_bom_globo_novela_resumo\" width=\"150\" height=\"112\" srcset=\"https:\/\/migracao.redenoticia.com.br\/noticia\/imagens\/eta_mundo_bom_globo_novela_resumo-150x112.jpg 150w, https:\/\/migracao.redenoticia.com.br\/noticia\/imagens\/eta_mundo_bom_globo_novela_resumo-265x198.jpg 265w\" sizes=\"auto, (max-width: 150px) 100vw, 150px\" \/><strong><em>Novela \u201cEta Mundo Bom\u201d resumo 13\/04<\/em><\/strong>: Pancr\u00e1cio leva Anast\u00e1cia para conhecer Candinho. Depois de tantos desencontros, os dois se emocionam com o reencontro. Anast\u00e1cia pede que Candinho, Pirulito e o burro Policarpo morem com ela. Candinho se encanta com a mans\u00e3o de Anast\u00e1cia. Ao se encontrar com Sandra, Candinho a reconhece e revela que a mo\u00e7a chegou a ver seu medalh\u00e3o.<\/p>\n<p>No capitulo 075(*), novela \u201cEta Mundo Bom\u201d, quarta-feira, 13 de abril \u2013 Candinho e Anast\u00e1cia se emocionam com o reencontro. Anast\u00e1cia pede que Candinho, Pirulito e o burro Policarpo v\u00e3o morar em sua casa. Cam\u00e9lia pede que Os\u00f3rio a acompanhe ao consult\u00f3rio de Lauro. Candinho se encanta com a mans\u00e3o de Anast\u00e1cia. <\/p>\n<p>Romeu descobre que Mafalda est\u00e1 em S\u00e3o Paulo. Cunegundes e Z\u00e9 dos Porcos sentem falta de Eponina, Mafalda e Quincas. Sandra convence Anast\u00e1cia a n\u00e3o acionar a pol\u00edcia para prender Ernesto. Maria diz a Celso que acredita que o namorado seja c\u00famplice de Sandra em um plano para enganar Anast\u00e1cia. <\/p>\n<p>Lauro revela a Filomena que ela est\u00e1 gr\u00e1vida. Ernesto amea\u00e7a Sandra para Paulina. Candinho reconhece Sandra e revela que a mo\u00e7a chegou a ver seu medalh\u00e3o.  <\/p>\n<p>(*) edi\u00e7\u00e3o da Rede Globo, Novela \u201cEta Mundo Bom\u201d, sujeito a altera\u00e7\u00e3o de data e conte\u00fado.<\/p>\n","protected":false},"excerpt":{"rendered":"<p>Novela \u201cEta Mundo Bom\u201d resumo 13\/04: Pancr\u00e1cio leva Anast\u00e1cia para conhecer Candinho. Depois de tantos desencontros, os dois se emocionam com o reencontro. Anast\u00e1cia pede que Candinho, Pirulito e o burro Policarpo morem com ela. Candinho se encanta com a mans\u00e3o de Anast\u00e1cia. Ao se encontrar com Sandra, Candinho a reconhece e revela que a [&hellip;]<\/p>\n","protected":false},"author":2,"featured_media":82131,"comment_status":"open","ping_status":"closed","sticky":false,"template":"","format":"standard","meta":{"tdm_status":"","tdm_grid_status":"","footnotes":""},"categories":[379,375,343],"tags":[441],"class_list":{"0":"post-84226","1":"post","2":"type-post","3":"status-publish","4":"format-standard","5":"has-post-thumbnail","7":"category-novelas","8":"category-rede-globo","9":"category-televisao","10":"tag-resumo-do-dia"},"_links":{"self":[{"href":"https:\/\/migracao.redenoticia.com.br\/noticia\/wp-json\/wp\/v2\/posts\/84226","targetHints":{"allow":["GET"]}}],"collection":[{"href":"https:\/\/migracao.redenoticia.com.br\/noticia\/wp-json\/wp\/v2\/posts"}],"about":[{"href":"https:\/\/migracao.redenoticia.com.br\/noticia\/wp-json\/wp\/v2\/types\/post"}],"author":[{"embeddable":true,"href":"https:\/\/migracao.redenoticia.com.br\/noticia\/wp-json\/wp\/v2\/users\/2"}],"replies":[{"embeddable":true,"href":"https:\/\/migracao.redenoticia.com.br\/noticia\/wp-json\/wp\/v2\/comments?post=84226"}],"version-history":[{"count":0,"href":"https:\/\/migracao.redenoticia.com.br\/noticia\/wp-json\/wp\/v2\/posts\/84226\/revisions"}],"wp:featuredmedia":[{"embeddable":true,"href":"https:\/\/migracao.redenoticia.com.br\/noticia\/wp-json\/wp\/v2\/media\/82131"}],"wp:attachment":[{"href":"https:\/\/migracao.redenoticia.com.br\/noticia\/wp-json\/wp\/v2\/media?parent=84226"}],"wp:term":[{"taxonomy":"category","embeddable":true,"href":"https:\/\/migracao.redenoticia.com.br\/noticia\/wp-json\/wp\/v2\/categories?post=84226"},{"taxonomy":"post_tag","embeddable":true,"href":"https:\/\/migracao.redenoticia.com.br\/noticia\/wp-json\/wp\/v2\/tags?post=84226"}],"curies":[{"name":"wp","href":"https:\/\/api.w.org\/{rel}","templated":true}]}}