{"id":84261,"date":"2016-04-13T10:28:02","date_gmt":"2016-04-13T13:28:02","guid":{"rendered":"http:\/\/www.redenoticia.com.br\/noticia\/?p=84261"},"modified":"2016-04-12T19:30:20","modified_gmt":"2016-04-12T22:30:20","slug":"virada-cultural-paulista-chega-na-10a-edicao","status":"publish","type":"post","link":"https:\/\/migracao.redenoticia.com.br\/noticia\/2016\/virada-cultural-paulista-chega-na-10a-edicao\/84261","title":{"rendered":"Virada Cultural Paulista chega na 10\u00aa edi\u00e7\u00e3o"},"content":{"rendered":"<p> A <strong><em>Virada Cultural Paulista<\/em><\/strong>, realizada pelo Governo do Estado de S\u00e3o Paulo, completa em 2016 a d\u00e9cima edi\u00e7\u00e3o. Mais uma vez, oferece ao p\u00fablico do interior e litoral uma grande celebra\u00e7\u00e3o \u00e0 diversidade cultural brasileira. Este ano, a Capital ter\u00e1 uma &#8220;palhinha&#8221;, com show de Maria Gad\u00fa no dia 3 de maio. <\/p>\n<p>Correalizado pelas prefeituras das cidades participantes, em parceria com o Sesc-SP, o evento acontece nos tr\u00eas \u00faltimos finais de semana de maio (14 e 15; 21 e 22 e 28 e 29), com shows e espet\u00e1culos em diversas linguagens art\u00edsticas, em palcos externos e em teatros municipais.<\/p>\n<p>&#8220;A Virada Cultural Paulista come\u00e7ou com um fim de semana, passou para duas semanas e agora com tr\u00eas finais de semana. Em todo o Estado de S\u00e3o Paulo, 23 munic\u00edpios, nas mais variadas regi\u00f5es, v\u00e3o levar grandes artistas, apresenta\u00e7\u00f5es culturais, promovendo cultura, educa\u00e7\u00e3o, entretenimento e transforma\u00e7\u00e3o da popula\u00e7\u00e3o&#8221;, disse o governador Geraldo Alckmin no lan\u00e7amento da Virada 2016, nesta segunda-feira (11), no Pal\u00e1cio dos Bandeirantes.<\/p>\n<p>Nos dias 14 e 15 de maio a Virada passa por Araraquara, Botucatu, Registro, Santa B\u00e1rbara d&#8217;Oeste, S\u00e3o Jo\u00e3o da Boa Vista, Sorocaba e Taubat\u00e9, que participa pela primeira vez. Nos dias 21 e 22, \u00e9 a vez de Ara\u00e7atuba, Ilha Solteira, Limeira, Mar\u00edlia, Piracicaba, Presidente Prudente e Votuporanga. No \u00faltimo final de semana, 28 e 29 de maio, \u00e9 a vez de Assis, Bauru, Campinas, Caraguatatuba, Franca, Indaiatuba, Mogi das Cruzes, Ribeir\u00e3o Preto e Santos.<\/p>\n<p>Atra\u00e7\u00f5es<br \/>\nEntre as atra\u00e7\u00f5es in\u00e9ditas na Virada Cultural Paulista, este ano se apresentam Os Mutantes, banda que vem influenciando gera\u00e7\u00f5es de m\u00fasicos desde 1966 e que apresentar\u00e1 v\u00e1rios de seus cl\u00e1ssicos em nova roupagem, al\u00e9m de m\u00fasicas mais recentes. Alceu Valen\u00e7a vem com show repleto de cultura nordestina em um caldeir\u00e3o musical sofisticado e contempor\u00e2neo. O incans\u00e1vel Erasmo Carlos se apresenta com 50 s\u00f3lidos anos de estrada, mas ainda em plena atividade. E a banda NX Zero vai apresentar m\u00fasicas de seu \u00e1lbum &#8220;Norte&#8221;, lan\u00e7ado no ano passado, al\u00e9m de outros sucessos da carreira.<\/p>\n<p>Pensando na variedade de estilos, p\u00fablico e gera\u00e7\u00f5es, est\u00e3o escalados para a edi\u00e7\u00e3o deste ano artistas dos mais diversos: Almir Sater, Marcelo D2, Ti\u00ea, Emicida, Arnaldo Antunes, Trio Virgulino, Wanderl\u00e9a, Silva, Marcelo Jeneci e Tulipa Ruiz, Zeca Baleiro, Velha Guarda da Mangueira, Tribo de Jah, Mart&#8217;n\u00e1lia e Karina Buhr, entre outros.<\/p>\n<p>O formato in\u00e9dito, com a distribui\u00e7\u00e3o da Virada Cultural Paulista em tr\u00eas finais de semana, possibilita que o p\u00fablico de cada regi\u00e3o do Estado tenha acesso ainda mais \u00e0s atra\u00e7\u00f5es, podendo participar do evento em cidades diferentes a cada fim de semana, com pouco deslocamento.<\/p>\n<p>Para dar ao p\u00fablico da Capital a oportunidade de sentir o gostinho do grande evento, ser\u00e1 realizado no dia 3 de maio, no Teatro S\u00e9rgio Cardoso, o Esquenta Virada Cultural Paulista 2016, com show de Maria Gad\u00fa. A entrada, como em toda a Virada, \u00e9 gratuita.<\/p>\n<p>A Virada Cultural Paulista 2016 conta ainda com apoio do MIS &#8211; Museu da Imagem e do Som de S\u00e3o Paulo, Pensarte, Museu do Caf\u00e9 e Cavalera. No ano passado, realizada em 24 cidades, a Virada teve p\u00fablico de 1,1 milh\u00e3o de pessoas.<\/p>\n<p>Veja a agenda de 2016:<\/p>\n<p>14 e 15 de maio<br \/>\nAraraquara &#8211; Zeca Baleiro e Projota<br \/>\nBotucatu &#8211; Maria Gad\u00fa e Os Mutantes<br \/>\nRegistro &#8211; Mart&#8217;n\u00e1lia e Tribo de Jah<br \/>\nSanta B\u00e1rbara d&#8217;Oeste &#8211; Marcelo Jeneci &amp; Tulipa Ruiz e Na\u00e7\u00e3o Zumbi<br \/>\nS\u00e3o Jo\u00e3o da Boa Vista &#8211; Os Mutantes e Emicida<br \/>\nSorocaba &#8211; Na\u00e7\u00e3o Zumbi e Mart&#8217;n\u00e1lia<br \/>\nTaubat\u00e9 &#8211; Cidade Negra e Toquinho<\/p>\n<p>21 e 22 de maio<br \/>\nAra\u00e7atuba &#8211; Maria Gad\u00fa e Alceu Valen\u00e7a<br \/>\nIlha Solteira &#8211; CPM 22 e Z\u00e9lia Duncan<br \/>\nLimeira &#8211; Alceu Valen\u00e7a e Teatro M\u00e1gico<br \/>\nMar\u00edlia &#8211; Biquini Cavad\u00e3o e Velha Guarda da Mangueira<br \/>\nPiracicaba &#8211; Erasmo Carlos e NX Zero<br \/>\nPresidente Prudente &#8211; Gabriel o Pensador e Maria Gad\u00fa<br \/>\nVotuporanga &#8211; Teatro M\u00e1gico e Raimundos<\/p>\n<p>28 e 29 de maio<br \/>\nAssis &#8211; Ed Motta e Tihuana<br \/>\nBauru &#8211; Projota e Marcelo Jeneci<br \/>\nCampinas &#8211; Maria Gad\u00fa e Marcelo D2<br \/>\nCaraguatatuba &#8211; Otto e Dona Za\u00edra<br \/>\nFranca &#8211; Na\u00e7\u00e3o Zumbi e Arnaldo Antunes<br \/>\nIndaiatuba &#8211; Arnaldo Antunes e Emicida<br \/>\nMogi das Cruzes &#8211; Banda Malta e Almir Sater<br \/>\nRibeir\u00e3o Preto &#8211; Marcelo Jeneci e Raimundos<br \/>\nSantos &#8211; Alceu Valen\u00e7a e Maria Gad\u00fa<\/p>\n<p>Esquenta Virada Cultural Paulista 2016 com Maria Gad\u00fa<br \/>\n3 de maio (ter\u00e7a-feira), \u00e0s 20h<br \/>\nTeatro S\u00e9rgio Cardoso (Rua Rui Barbosa, 153, Bixiga, S\u00e3o Paulo)<br \/>\nCapacidade: 835 lugares<br \/>\nEntrada gratuita (sujeito a lota\u00e7\u00e3o)<\/p>\n<p>Do Portal do Governo do Estado SP<\/p>\n","protected":false},"excerpt":{"rendered":"<p>A Virada Cultural Paulista, realizada pelo Governo do Estado de S\u00e3o Paulo, completa em 2016 a d\u00e9cima edi\u00e7\u00e3o. Mais uma vez, oferece ao p\u00fablico do interior e litoral uma grande celebra\u00e7\u00e3o \u00e0 diversidade cultural brasileira. Este ano, a Capital ter\u00e1 uma &#8220;palhinha&#8221;, com show de Maria Gad\u00fa no dia 3 de maio. Correalizado pelas prefeituras [&hellip;]<\/p>\n","protected":false},"author":2,"featured_media":27918,"comment_status":"open","ping_status":"closed","sticky":false,"template":"","format":"standard","meta":{"tdm_status":"","tdm_grid_status":"","footnotes":""},"categories":[22],"tags":[],"class_list":{"0":"post-84261","1":"post","2":"type-post","3":"status-publish","4":"format-standard","5":"has-post-thumbnail","7":"category-brasil"},"_links":{"self":[{"href":"https:\/\/migracao.redenoticia.com.br\/noticia\/wp-json\/wp\/v2\/posts\/84261","targetHints":{"allow":["GET"]}}],"collection":[{"href":"https:\/\/migracao.redenoticia.com.br\/noticia\/wp-json\/wp\/v2\/posts"}],"about":[{"href":"https:\/\/migracao.redenoticia.com.br\/noticia\/wp-json\/wp\/v2\/types\/post"}],"author":[{"embeddable":true,"href":"https:\/\/migracao.redenoticia.com.br\/noticia\/wp-json\/wp\/v2\/users\/2"}],"replies":[{"embeddable":true,"href":"https:\/\/migracao.redenoticia.com.br\/noticia\/wp-json\/wp\/v2\/comments?post=84261"}],"version-history":[{"count":0,"href":"https:\/\/migracao.redenoticia.com.br\/noticia\/wp-json\/wp\/v2\/posts\/84261\/revisions"}],"wp:featuredmedia":[{"embeddable":true,"href":"https:\/\/migracao.redenoticia.com.br\/noticia\/wp-json\/wp\/v2\/media\/27918"}],"wp:attachment":[{"href":"https:\/\/migracao.redenoticia.com.br\/noticia\/wp-json\/wp\/v2\/media?parent=84261"}],"wp:term":[{"taxonomy":"category","embeddable":true,"href":"https:\/\/migracao.redenoticia.com.br\/noticia\/wp-json\/wp\/v2\/categories?post=84261"},{"taxonomy":"post_tag","embeddable":true,"href":"https:\/\/migracao.redenoticia.com.br\/noticia\/wp-json\/wp\/v2\/tags?post=84261"}],"curies":[{"name":"wp","href":"https:\/\/api.w.org\/{rel}","templated":true}]}}