{"id":84269,"date":"2016-04-13T10:39:31","date_gmt":"2016-04-13T13:39:31","guid":{"rendered":"http:\/\/www.redenoticia.com.br\/noticia\/?p=84269"},"modified":"2016-04-12T19:40:57","modified_gmt":"2016-04-12T22:40:57","slug":"juros-do-cheque-especial-sobem-e-chegam-a-1308-diz-proconsp","status":"publish","type":"post","link":"https:\/\/migracao.redenoticia.com.br\/noticia\/2016\/juros-do-cheque-especial-sobem-e-chegam-a-1308-diz-proconsp\/84269","title":{"rendered":"Juros do cheque especial sobem e chegam a 13,08%, diz Procon\/SP"},"content":{"rendered":"<p> O uso do dinheiro disponibilizado aos correntistas por meio de <strong><em>cheque especial<\/em><\/strong> ficou mais caro em abril nos dois bancos p\u00fablicos &#8211; Caixa Econ\u00f4mica Federal (CEF) e Banco do Brasil (BB) &#8211; entre sete institui\u00e7\u00f5es pesquisadas pelo Procon de S\u00e3o Paulo, \u00f3rg\u00e3o vinculado \u00e0 Secretaria da Justi\u00e7a e da Defesa da Cidadania do Estado de S\u00e3o Paulo. Na Caixa, a taxa de juros subiu de 12,29% para 12,59% e, no BB, de 11,99% para 12,09%.<\/p>\n<p>Na m\u00e9dia, a taxa cobrada no cheque especial ficou em 13,08%, o que significa uma eleva\u00e7\u00e3o de 0,06 ponto percentual sobre o \u00edndice de mar\u00e7o \u00faltimo (13,02%). J\u00e1 na modalidade de empr\u00e9stimo pessoal, os juros ficaram est\u00e1veis nos sete bancos com a taxa m\u00e9dia em 6,48%.<\/p>\n<p>Varia\u00e7\u00e3o de juros<\/p>\n<p>No Banco Santander, a taxa sobre o empr\u00e9stimo pessoal permaneceu em 8,49%; no HSBC, 7,3%; no Bradesco, 6,67%; no Ita\u00fa, 6,43%; na Caixa, 5,5%; no Banco do Brasil, 5,6%, e no Safra, 5,4%.<\/p>\n<p>J\u00e1 em rela\u00e7\u00e3o ao cheque especial, houve as seguintes varia\u00e7\u00f5es: Santander 14,95%; no HSBC, 14,67%; no Bradesco 12,63%; no Ita\u00fa, 12,61%; na Caixa, 12,59%; no Banco do Brasil, 12,09% e no Safra, 12%.<\/p>\n<p>Em sua nota t\u00e9cnica, o Procon alerta ao consumidor para que fique atento aos custos sobre a utiliza\u00e7\u00e3o tanto do cheque especial quanto do empr\u00e9stimo e observa que o valor final a ser pago aos bancos pode ser maior do que os rendimentos de diversas aplica\u00e7\u00f5es financeiras, principalmente, aos da poupan\u00e7a. Diante disso, os analistas do Procon recomendam ser mais vantajoso para quem tem essas aplica\u00e7\u00f5es retirar as reservas aplicadas para o pagamento de d\u00edvidas do que recorrer \u00e0s linhas de cr\u00e9dito dos bancos.<\/p>\n<p>Marli Moreira &#8211; Rep\u00f3rter da Ag\u00eancia Brasil<br \/>\nEdi\u00e7\u00e3o: Kleber Sampaio<br \/>\n13\/04\/2016<\/p>\n","protected":false},"excerpt":{"rendered":"<p>O uso do dinheiro disponibilizado aos correntistas por meio de cheque especial ficou mais caro em abril nos dois bancos p\u00fablicos &#8211; Caixa Econ\u00f4mica Federal (CEF) e Banco do Brasil (BB) &#8211; entre sete institui\u00e7\u00f5es pesquisadas pelo Procon de S\u00e3o Paulo, \u00f3rg\u00e3o vinculado \u00e0 Secretaria da Justi\u00e7a e da Defesa da Cidadania do Estado de [&hellip;]<\/p>\n","protected":false},"author":2,"featured_media":38940,"comment_status":"open","ping_status":"closed","sticky":false,"template":"","format":"standard","meta":{"tdm_status":"","tdm_grid_status":"","footnotes":""},"categories":[22,7],"tags":[],"class_list":{"0":"post-84269","1":"post","2":"type-post","3":"status-publish","4":"format-standard","5":"has-post-thumbnail","7":"category-brasil","8":"category-economia"},"_links":{"self":[{"href":"https:\/\/migracao.redenoticia.com.br\/noticia\/wp-json\/wp\/v2\/posts\/84269","targetHints":{"allow":["GET"]}}],"collection":[{"href":"https:\/\/migracao.redenoticia.com.br\/noticia\/wp-json\/wp\/v2\/posts"}],"about":[{"href":"https:\/\/migracao.redenoticia.com.br\/noticia\/wp-json\/wp\/v2\/types\/post"}],"author":[{"embeddable":true,"href":"https:\/\/migracao.redenoticia.com.br\/noticia\/wp-json\/wp\/v2\/users\/2"}],"replies":[{"embeddable":true,"href":"https:\/\/migracao.redenoticia.com.br\/noticia\/wp-json\/wp\/v2\/comments?post=84269"}],"version-history":[{"count":0,"href":"https:\/\/migracao.redenoticia.com.br\/noticia\/wp-json\/wp\/v2\/posts\/84269\/revisions"}],"wp:featuredmedia":[{"embeddable":true,"href":"https:\/\/migracao.redenoticia.com.br\/noticia\/wp-json\/wp\/v2\/media\/38940"}],"wp:attachment":[{"href":"https:\/\/migracao.redenoticia.com.br\/noticia\/wp-json\/wp\/v2\/media?parent=84269"}],"wp:term":[{"taxonomy":"category","embeddable":true,"href":"https:\/\/migracao.redenoticia.com.br\/noticia\/wp-json\/wp\/v2\/categories?post=84269"},{"taxonomy":"post_tag","embeddable":true,"href":"https:\/\/migracao.redenoticia.com.br\/noticia\/wp-json\/wp\/v2\/tags?post=84269"}],"curies":[{"name":"wp","href":"https:\/\/api.w.org\/{rel}","templated":true}]}}