{"id":84271,"date":"2016-04-13T10:41:14","date_gmt":"2016-04-13T13:41:14","guid":{"rendered":"http:\/\/www.redenoticia.com.br\/noticia\/?p=84271"},"modified":"2016-04-12T19:42:24","modified_gmt":"2016-04-12T22:42:24","slug":"inflacao-para-terceira-idade-e-de-96","status":"publish","type":"post","link":"https:\/\/migracao.redenoticia.com.br\/noticia\/2016\/inflacao-para-terceira-idade-e-de-96\/84271","title":{"rendered":"Infla\u00e7\u00e3o para terceira idade \u00e9 de 9,6%"},"content":{"rendered":"<p> A <strong><em>infla\u00e7\u00e3o<\/em><\/strong> da cesta de consumo das pessoas com mais de 60 anos, medida pelo \u00cdndice de Pre\u00e7os ao Consumidor da Terceira Idade (IPC-3i), ficou em 2,72% no primeiro trimestre deste ano. A taxa \u00e9 inferior \u00e0 observada no \u00faltimo trimestre de 2015 (2,87%). Em 12 meses, o IPC-3i acumula 9,6%, acima dos 9,37% medidos pelo \u00cdndice de Pre\u00e7os ao Consumidor &#8211; Brasil (IPC-BR), que apura a infla\u00e7\u00e3o para todas as faixas de idade. Os n\u00fameros foram divulgados pelo Instituto Brasileiro de Economia da Funda\u00e7\u00e3o Getulio Vargas<\/p>\n<p>O principal respons\u00e1vel pelo recuo da taxa trimestral foi o grupo de despesas com transportes, cuja taxa de infla\u00e7\u00e3o caiu de 4,52% no \u00faltimo trimestre de 2015 para 2,87% no primeiro trimestre deste ano. A gasolina, por exemplo, registrou alta de pre\u00e7os de 2,55% nos tr\u00eas primeiros meses deste ano, total bem abaixo dos 9,78% registrados nos tr\u00eas \u00faltimos meses de 2015.<\/p>\n<p>Outros dois grupos de despesas tiveram influ\u00eancia no recuo do IPC-3i: habita\u00e7\u00e3o, que recuou de 1,75% para 1,5%, e vestu\u00e1rio, que caiu de 1,99% para 0,27%.<\/p>\n<p>Os alimentos mantiveram a taxa de infla\u00e7\u00e3o de 5,37%, enquanto os demais grupos de despesas tiveram aumento da taxa na passagem do quarto trimestre do ano passado para o primeiro trimestre deste ano.<\/p>\n<p>Vitor Abdala \u2013 Rep\u00f3rter da Ag\u00eancia Brasil<br \/>\nEdi\u00e7\u00e3o: Kleber Sampaio<br \/>\n13\/04\/2016 <\/p>\n","protected":false},"excerpt":{"rendered":"<p>A infla\u00e7\u00e3o da cesta de consumo das pessoas com mais de 60 anos, medida pelo \u00cdndice de Pre\u00e7os ao Consumidor da Terceira Idade (IPC-3i), ficou em 2,72% no primeiro trimestre deste ano. A taxa \u00e9 inferior \u00e0 observada no \u00faltimo trimestre de 2015 (2,87%). Em 12 meses, o IPC-3i acumula 9,6%, acima dos 9,37% medidos [&hellip;]<\/p>\n","protected":false},"author":2,"featured_media":34916,"comment_status":"open","ping_status":"closed","sticky":false,"template":"","format":"standard","meta":{"tdm_status":"","tdm_grid_status":"","footnotes":""},"categories":[22,7],"tags":[],"class_list":{"0":"post-84271","1":"post","2":"type-post","3":"status-publish","4":"format-standard","5":"has-post-thumbnail","7":"category-brasil","8":"category-economia"},"_links":{"self":[{"href":"https:\/\/migracao.redenoticia.com.br\/noticia\/wp-json\/wp\/v2\/posts\/84271","targetHints":{"allow":["GET"]}}],"collection":[{"href":"https:\/\/migracao.redenoticia.com.br\/noticia\/wp-json\/wp\/v2\/posts"}],"about":[{"href":"https:\/\/migracao.redenoticia.com.br\/noticia\/wp-json\/wp\/v2\/types\/post"}],"author":[{"embeddable":true,"href":"https:\/\/migracao.redenoticia.com.br\/noticia\/wp-json\/wp\/v2\/users\/2"}],"replies":[{"embeddable":true,"href":"https:\/\/migracao.redenoticia.com.br\/noticia\/wp-json\/wp\/v2\/comments?post=84271"}],"version-history":[{"count":0,"href":"https:\/\/migracao.redenoticia.com.br\/noticia\/wp-json\/wp\/v2\/posts\/84271\/revisions"}],"wp:featuredmedia":[{"embeddable":true,"href":"https:\/\/migracao.redenoticia.com.br\/noticia\/wp-json\/wp\/v2\/media\/34916"}],"wp:attachment":[{"href":"https:\/\/migracao.redenoticia.com.br\/noticia\/wp-json\/wp\/v2\/media?parent=84271"}],"wp:term":[{"taxonomy":"category","embeddable":true,"href":"https:\/\/migracao.redenoticia.com.br\/noticia\/wp-json\/wp\/v2\/categories?post=84271"},{"taxonomy":"post_tag","embeddable":true,"href":"https:\/\/migracao.redenoticia.com.br\/noticia\/wp-json\/wp\/v2\/tags?post=84271"}],"curies":[{"name":"wp","href":"https:\/\/api.w.org\/{rel}","templated":true}]}}